{"id":11694,"date":"2024-06-21T13:02:52","date_gmt":"2024-06-21T11:02:52","guid":{"rendered":"https:\/\/www.heronaviation.com\/?p=11694"},"modified":"2024-06-21T14:03:56","modified_gmt":"2024-06-21T12:03:56","slug":"mittsommerfest-in-schweden-ein-fest-wie-aus-einer-anderen-welt","status":"publish","type":"post","link":"https:\/\/www.heronaviation.com\/de\/mittsommerfest-in-schweden-ein-fest-wie-aus-einer-anderen-welt\/","title":{"rendered":"Mittsommerfest in Schweden \u2013 ein Fest wie aus einer anderen Welt"},"content":{"rendered":"\t\t<div data-elementor-type=\"wp-post\" data-elementor-id=\"11694\" class=\"elementor elementor-11694\" data-elementor-post-type=\"post\">\n\t\t\t\t\t\t<section class=\"elementor-section elementor-top-section elementor-element elementor-element-4ef6cfad elementor-section-boxed elementor-section-height-default elementor-section-height-default\" data-id=\"4ef6cfad\" data-element_type=\"section\" data-settings=\"{&quot;jet_parallax_layout_list&quot;:[]}\">\n\t\t\t\t\t\t<div class=\"elementor-container elementor-column-gap-default\">\n\t\t\t\t\t<div class=\"elementor-column elementor-col-100 elementor-top-column elementor-element elementor-element-52b5a4b1\" data-id=\"52b5a4b1\" data-element_type=\"column\">\n\t\t\t<div class=\"elementor-widget-wrap elementor-element-populated\">\n\t\t\t\t\t\t<div class=\"elementor-element elementor-element-36f8b3e2 elementor-widget elementor-widget-text-editor\" data-id=\"36f8b3e2\" data-element_type=\"widget\" data-widget_type=\"text-editor.default\">\n\t\t\t\t<div class=\"elementor-widget-container\">\n\t\t\t\t\t\t\t\t\t<p><span style=\"color: #000000;\">Wenn die Tage wieder lang werden bereiten sie die Schweden auf das Fest der Feste vor.<\/span><\/p><p><span style=\"color: #000000;\"><img fetchpriority=\"high\" decoding=\"async\" class=\"size-medium wp-image-11697 alignright\" src=\"https:\/\/www.heronaviation.com\/wp-content\/uploads\/2024\/06\/folk-dance-54530_1280-300x225.jpg\" alt=\"\" width=\"300\" height=\"225\" srcset=\"https:\/\/www.heronaviation.com\/wp-content\/uploads\/2024\/06\/folk-dance-54530_1280-300x225.jpg 300w, https:\/\/www.heronaviation.com\/wp-content\/uploads\/2024\/06\/folk-dance-54530_1280-1024x768.jpg 1024w, https:\/\/www.heronaviation.com\/wp-content\/uploads\/2024\/06\/folk-dance-54530_1280-768x576.jpg 768w, https:\/\/www.heronaviation.com\/wp-content\/uploads\/2024\/06\/folk-dance-54530_1280.jpg 1280w\" sizes=\"(max-width: 300px) 100vw, 300px\" \/> Das Mittsommerfest gilt als das zweitgr\u00f6\u00dfte Fest des Jahres, gleich nach Weihnachten. Zusammen mit Verwandten, Freunden und Nachbarn tragen die Menschen Blumenkr\u00e4nze im Haar und Familien tanzen und singen rund um den sch\u00f6n geschm\u00fcckten Maibaum.<\/span><\/p><p style=\"text-align: left;\"><span style=\"color: #000000;\"><img decoding=\"async\" class=\"size-medium wp-image-11703 alignleft\" src=\"https:\/\/www.heronaviation.com\/wp-content\/uploads\/2024\/06\/midsummer-4322903_640-225x300.jpg\" alt=\"\" width=\"225\" height=\"300\" srcset=\"https:\/\/www.heronaviation.com\/wp-content\/uploads\/2024\/06\/midsummer-4322903_640-225x300.jpg 225w, https:\/\/www.heronaviation.com\/wp-content\/uploads\/2024\/06\/midsummer-4322903_640.jpg 480w\" sizes=\"(max-width: 225px) 100vw, 225px\" \/>Midsommar,\u00a0<em>midsommarafton<\/em>\u00a0(Mittsommerabend) genannt findet immer an einem Freitag statt, welcher zwischen dem 19. \u2013 25. Juni liegt. Die meisten Gesch\u00e4fte sind geschlossen und die Bewohner der gro\u00dfen St\u00e4dte pilgern zu den Feierlichkeiten aufs Land. Am Mittsommerabend wird ein mit gr\u00fcnen Bl\u00e4ttern geschm\u00fcckter Baumstamm aufgerichtet, die Mittsommerstange (<em>midsommarst\u00e5ng<\/em>) oder Maistange (<em>majst\u00e5ng<\/em>).\u00a0<em>Maj<\/em>\u00a0hat hier nichts mit dem Monat\u00a0<a style=\"color: #000000;\" href=\"https:\/\/de.wikipedia.org\/wiki\/Mai\">Mai<\/a>\u00a0zu tun, sondern geht auf das altert\u00fcmliche Verb\u00a0<em>maja<\/em>\u00a0(\u201emit Blumen schm\u00fccken\u201c) zur\u00fcck. Diese Stange kann in den verschiedenen Regionen des Landes jeweils etwas anders aussehen. Der Stamm wird mit Bl\u00e4ttern und Blumen geschm\u00fcckt und aufgerichtet; danach wird im Kreis um ihn herumgetanzt, wobei verschiedene Spielt\u00e4nze \u00fcblich sind. Eines dieser Tanzlieder ist\u00a0<em>Sm\u00e5 grodorna<\/em>: Es handelt von Fr\u00f6schen und man imitiert beim Tanzen deren Bewegungen.<\/span><\/p><p><span style=\"color: #000000;\">Hier sind einige der besten Orte, um ein echtes schwedisches Mittsommerfest zu erleben.<\/span><\/p><ul><li><span style=\"color: #000000;\">In\u00a0<strong><em>S<\/em><\/strong><strong><em>chwedisch <\/em><\/strong><strong><em>Lappland<\/em><\/strong>\u00a0kann man unter der Mitternachtssonne durch die Nacht tanzen und bei 24 Stunden Sonnenschein die Zeit vergessen.<\/span><\/li><\/ul><p style=\"padding-left: 40px;\"><span style=\"color: #000000;\">In der Ortschaft\u00a0<strong><em>Riksgr\u00e4nsen<\/em><\/strong> (\u201eReichsgrenze\u201c) im hohen Norden grenzt die schwedische an die norwegische Grenze.\u00a0\u00a0\u00a0\u00a0 <\/span><span style=\"color: #000000;\">Hier kann man im Tageslicht rund um die Uhr in Skistiefeln um einen Maibaum tanzen.<\/span><\/p><ul><li><span style=\"color: #000000;\">In<strong><em> Dalarna<\/em><\/strong> in Mittelschweden gibt es einige der sch\u00f6nsten Orte f\u00fcr Mittsommerfeste mit professionellen T\u00e4nzen, Paraden, Girlanden, Maibaumaufstellen und vielleicht sogar einem Kirchenbootrennen. Diese Region gilt als das \u201eSchweden im Miniaturformat\u201c. Vor der atemberaubenden Kulisse der Berge und des in der Sonne glitzernden <\/span><\/li><\/ul><p style=\"padding-left: 40px;\"><span style=\"color: #000000;\"><strong>Siljansees<\/strong> wird die Sommersonnenwende auch in\u00a0<strong><em>T\u00e4llberg<\/em><\/strong>\u00a0auf typisch schwedische Weise gefeiert.<\/span><\/p><ul><li><span style=\"color: #000000;\">In <strong>Stockholm<\/strong> ist\u00a0<strong><em>Skansen<\/em><\/strong>\u00a0ebenfalls eine beliebte Adresse f\u00fcr ein \u00f6ffentliches und doch traditionelles Mittsommerfest. Das Freilichtmuseum sorgt das ganze Mittsommer-Wochenende \u00fcber mit Kranzbinden, Marktst\u00e4nden, Livemusik und vielem mehr f\u00fcr unwiderstehliche Sommerstimmung.<\/span><\/li><\/ul><div>\u00a0<\/div><ul><li><span style=\"color: #000000;\">Der\u00a0<strong><em>Stockholmer<\/em><\/strong><strong><em> Sch\u00e4rengarten<\/em><\/strong>\u00a0mit seinen 30.000 Inseln bietet ebenfalls eine atemberaubende Kulisse f\u00fcr die l\u00e4ngsten Tage des Jahres. Die Inseln\u00a0<strong><em>Vaxholm<\/em><\/strong>, <strong><em>Dalar\u00f6<\/em><\/strong> und <strong><em>V\u00e4rmd\u00f6<\/em><\/strong> sind mit dem Festland verbunden und mit dem Bus bequem zu erreichen. Weiter drau\u00dfen im Archipel liegen beliebte Ausflugsziele wie die Inseln\u00a0<strong><em>Grinda<\/em><\/strong>,\u00a0<strong><em>Sandhamn<\/em><\/strong>\u00a0und <strong><em>Ut\u00f6<\/em><\/strong>.<\/span><span style=\"color: #000000;\"><br \/><\/span><\/li><\/ul><p>\u00a0<\/p><ul><li><span style=\"color: #000000;\">In\u00a0<strong><em>G\u00f6teborg<\/em><\/strong>\u00a0treffen sich jedes Jahr auf der gro\u00dfen Rasenfl\u00e4che vor der <strong><em>Bj\u00f6rng\u00e5rdsvilla<\/em><\/strong> im\u00a0<strong><em>Slottsskogen<\/em><\/strong>\u00a0die Einheimischen, aber auch G\u00e4ste, um an einem klassischen Mittsommerfest teilzunehmen. Auch einige Schl\u00f6sser und Herrenh\u00e4user im Umland G\u00f6teborgs schmei\u00dfen eine Mittsommerfeier und bieten mit ihren prachtvollen Gem\u00e4uern und G\u00e4rten die perfekte Kulisse f\u00fcr solch ein traditionelles Fest &#8211; so beispielsweise das\u00a0<strong><em>Schloss Tjol\u00f6holms<\/em><\/strong><em>\u00a0,<\/em> das<em>\u00a0<\/em><strong><em>Schloss Gunnebo<\/em><\/strong><em>\u00a0<\/em>und auch das<strong><em>\u00a0<\/em><\/strong><strong><em>Schloss N\u00e4ss<\/em><\/strong><em>.<\/em><\/span><\/li><\/ul><p>\u00a0<\/p><ul><li><span style=\"color: #000000;\">Auf der <strong><em>Insel Gotland<\/em><\/strong> kannst du an dem\u00a0<strong><em>Mittsommerfest in Visby<\/em><\/strong>\u00a0teilnehmen. Es erwartet dich eine Parade, aber auch traditionelle Aktivit\u00e4ten wie das Aufstellen des Maibaums und Volkstanz zu Livemusik.<\/span><\/li><\/ul><p>\u00a0<\/p><ul><li><span style=\"color: #000000;\">Im\u00a0<strong><em>Schloss Sofiero in Helsingborg<\/em><\/strong>\u00a0l\u00e4dt man zu einem traditionellen Mittsommerfest ein.<\/span><\/li><\/ul><p>\u00a0<\/p><ul><li><span style=\"color: #000000;\">In\u00a0<strong><em>Sk\u00e5ne<\/em><\/strong>\u00a0finden zahlreiche Mittsommerfeste statt. So auch im\u00a0Freilichtmuseum Kulturen in Lund. Hier kann man das Mittsommerfest in einer traditionellen, dennoch jugendlichen Atmosph\u00e4re feiern. Denn die Studierenden der Universit\u00e4t Lund f\u00fchren Volkst\u00e4nze im Freilichtmuseum Kulturen auf. Eines der gr\u00f6\u00dften Freilichtmuseen Schwedens, die\u00a0<strong><em>Fredriksdaler Museen und G\u00e4rten<\/em><\/strong><strong><em>\u00a0in Helsingborg <\/em><\/strong>locken j\u00e4hrlich tausende Besuchende an, aber auch das\u00a0\u00a0\u00a0\u00a0\u00a0\u00a0\u00a0\u00a0\u00a0 <strong><em>Schloss<\/em><\/strong> <strong><em>Sofiereo<\/em><\/strong> und <strong><em>das Schloss Hovdala in H\u00e4ssleholm<\/em><\/strong> laden zum Feiern ein.<\/span><\/li><\/ul><p>\u00a0<\/p><ul><li><span style=\"color: #000000;\">In <strong><em>Malm\u00f6<\/em><\/strong> l\u00e4dt das Sportzentrum\u00a0<strong><em>Bulltofta<\/em><\/strong>\u00a0zu einer traditionellen Mittsommerfeier im Erholungsgebiet ein. Auch<em> <strong>Borrby, Brantevik, Back\u00e5kra <\/strong><\/em><strong>und<em> Skillinge<\/em><\/strong> bieten Musik, Tanz und Spiele an und im\u00a0<strong><em>Folkets Park<\/em><\/strong>\u00a0gibt es tags\u00fcber ein tolles Mittsommerprogramm speziell f\u00fcr Kinder.<\/span><\/li><\/ul><p>\u00a0<\/p><p><span style=\"color: #000000;\">In 2024 f\u00e4llt der Mittsommerabend auf Freitag, den 21. Juni, doch vielerorts wird auch am Samstag, den 22. Juni, dem offiziellen Feiertag (weiter-)gefeiert. Ob in Schweden oder im eigenen Garten \u2013 nutze die Chance, die l\u00e4ngsten Tage des Jahres zu feiern. Wichtiger Hinweis: Feiertag hei\u00dft auch, dass die Gesch\u00e4fte und viele Restaurants geschlossen haben.<\/span><\/p><div>\u00a0<\/div><div>\u00a0<\/div>\t\t\t\t\t\t\t\t<\/div>\n\t\t\t\t<\/div>\n\t\t\t\t\t<\/div>\n\t\t<\/div>\n\t\t\t\t\t<\/div>\n\t\t<\/section>\n\t\t\t\t<\/div>\n\t\t","protected":false},"excerpt":{"rendered":"<p>Wenn die Tage wieder lang werden bereiten sie die Schweden auf das Fest der Feste vor. Das Mittsommerfest gilt als das zweitgr\u00f6\u00dfte Fest des Jahres, gleich nach Weihnachten. Zusammen mit Verwandten, Freunden und Nachbarn tragen die Menschen Blumenkr\u00e4nze im Haar und Familien tanzen und singen rund um den sch\u00f6n geschm\u00fcckten Maibaum. Midsommar,\u00a0midsommarafton\u00a0(Mittsommerabend) genannt findet immer [&hellip;]<\/p>\n","protected":false},"author":7,"featured_media":11706,"comment_status":"open","ping_status":"open","sticky":false,"template":"","format":"standard","meta":{"_acf_changed":false,"footnotes":""},"categories":[1],"tags":[],"class_list":["post-11694","post","type-post","status-publish","format-standard","has-post-thumbnail","hentry","category-allgemein"],"acf":[],"yoast_head":"<!-- This site is optimized with the Yoast SEO Premium plugin v25.9 (Yoast SEO v27.5) - https:\/\/yoast.com\/product\/yoast-seo-premium-wordpress\/ -->\n<title>Mittsommerfest in Schweden \u2013 ein Fest wie aus einer anderen Welt - Heron Aviation<\/title>\n<meta name=\"description\" content=\"Wenn die Tage wieder lang werden bereiten sie die Schweden auf das Fest der Feste vor. Das Mittsommerfest gilt als das zweitgr\u00f6\u00dfte Fest\" \/>\n<meta name=\"robots\" content=\"index, follow, max-snippet:-1, max-image-preview:large, max-video-preview:-1\" \/>\n<link rel=\"canonical\" href=\"https:\/\/www.heronaviation.com\/de\/mittsommerfest-in-schweden-ein-fest-wie-aus-einer-anderen-welt\/\" \/>\n<meta property=\"og:locale\" content=\"de_DE\" \/>\n<meta property=\"og:type\" content=\"article\" \/>\n<meta property=\"og:title\" content=\"Mittsommerfest in Schweden \u2013 ein Fest wie aus einer anderen Welt\" \/>\n<meta property=\"og:description\" content=\"Wenn die Tage wieder lang werden bereiten sie die Schweden auf das Fest der Feste vor. Das Mittsommerfest gilt als das zweitgr\u00f6\u00dfte Fest\" \/>\n<meta property=\"og:url\" content=\"https:\/\/www.heronaviation.com\/de\/mittsommerfest-in-schweden-ein-fest-wie-aus-einer-anderen-welt\/\" \/>\n<meta property=\"og:site_name\" content=\"Heron Aviation\" \/>\n<meta property=\"article:published_time\" content=\"2024-06-21T11:02:52+00:00\" \/>\n<meta property=\"article:modified_time\" content=\"2024-06-21T12:03:56+00:00\" \/>\n<meta property=\"og:image\" content=\"https:\/\/www.heronaviation.com\/wp-content\/uploads\/2024\/06\/sweden-1542694_640.jpg\" \/>\n\t<meta property=\"og:image:width\" content=\"640\" \/>\n\t<meta property=\"og:image:height\" content=\"480\" \/>\n\t<meta property=\"og:image:type\" content=\"image\/jpeg\" \/>\n<meta name=\"author\" content=\"Iris B\u00e4umle\" \/>\n<meta name=\"twitter:card\" content=\"summary_large_image\" \/>\n<meta name=\"twitter:label1\" content=\"Verfasst von\" \/>\n\t<meta name=\"twitter:data1\" content=\"Iris B\u00e4umle\" \/>\n\t<meta name=\"twitter:label2\" content=\"Gesch\u00e4tzte Lesezeit\" \/>\n\t<meta name=\"twitter:data2\" content=\"5\u00a0Minuten\" \/>\n<script type=\"application\/ld+json\" class=\"yoast-schema-graph\">{\"@context\":\"https:\\\/\\\/schema.org\",\"@graph\":[{\"@type\":\"Article\",\"@id\":\"https:\\\/\\\/www.heronaviation.com\\\/de\\\/mittsommerfest-in-schweden-ein-fest-wie-aus-einer-anderen-welt\\\/#article\",\"isPartOf\":{\"@id\":\"https:\\\/\\\/www.heronaviation.com\\\/de\\\/mittsommerfest-in-schweden-ein-fest-wie-aus-einer-anderen-welt\\\/\"},\"author\":{\"name\":\"Iris B\u00e4umle\",\"@id\":\"https:\\\/\\\/www.heronaviation.com\\\/de\\\/#\\\/schema\\\/person\\\/30c693b9ca3a03f570cb9c65bdd3e8f0\"},\"headline\":\"Mittsommerfest in Schweden \u2013 ein Fest wie aus einer anderen Welt\",\"datePublished\":\"2024-06-21T11:02:52+00:00\",\"dateModified\":\"2024-06-21T12:03:56+00:00\",\"mainEntityOfPage\":{\"@id\":\"https:\\\/\\\/www.heronaviation.com\\\/de\\\/mittsommerfest-in-schweden-ein-fest-wie-aus-einer-anderen-welt\\\/\"},\"wordCount\":714,\"commentCount\":0,\"publisher\":{\"@id\":\"https:\\\/\\\/www.heronaviation.com\\\/de\\\/#organization\"},\"image\":{\"@id\":\"https:\\\/\\\/www.heronaviation.com\\\/de\\\/mittsommerfest-in-schweden-ein-fest-wie-aus-einer-anderen-welt\\\/#primaryimage\"},\"thumbnailUrl\":\"https:\\\/\\\/www.heronaviation.com\\\/wp-content\\\/uploads\\\/2024\\\/06\\\/sweden-1542694_640.jpg\",\"inLanguage\":\"de\",\"potentialAction\":[{\"@type\":\"CommentAction\",\"name\":\"Comment\",\"target\":[\"https:\\\/\\\/www.heronaviation.com\\\/de\\\/mittsommerfest-in-schweden-ein-fest-wie-aus-einer-anderen-welt\\\/#respond\"]}]},{\"@type\":\"WebPage\",\"@id\":\"https:\\\/\\\/www.heronaviation.com\\\/de\\\/mittsommerfest-in-schweden-ein-fest-wie-aus-einer-anderen-welt\\\/\",\"url\":\"https:\\\/\\\/www.heronaviation.com\\\/de\\\/mittsommerfest-in-schweden-ein-fest-wie-aus-einer-anderen-welt\\\/\",\"name\":\"Mittsommerfest in Schweden \u2013 ein Fest wie aus einer anderen Welt - Heron Aviation\",\"isPartOf\":{\"@id\":\"https:\\\/\\\/www.heronaviation.com\\\/de\\\/#website\"},\"primaryImageOfPage\":{\"@id\":\"https:\\\/\\\/www.heronaviation.com\\\/de\\\/mittsommerfest-in-schweden-ein-fest-wie-aus-einer-anderen-welt\\\/#primaryimage\"},\"image\":{\"@id\":\"https:\\\/\\\/www.heronaviation.com\\\/de\\\/mittsommerfest-in-schweden-ein-fest-wie-aus-einer-anderen-welt\\\/#primaryimage\"},\"thumbnailUrl\":\"https:\\\/\\\/www.heronaviation.com\\\/wp-content\\\/uploads\\\/2024\\\/06\\\/sweden-1542694_640.jpg\",\"datePublished\":\"2024-06-21T11:02:52+00:00\",\"dateModified\":\"2024-06-21T12:03:56+00:00\",\"description\":\"Wenn die Tage wieder lang werden bereiten sie die Schweden auf das Fest der Feste vor. Das Mittsommerfest gilt als das zweitgr\u00f6\u00dfte Fest\",\"breadcrumb\":{\"@id\":\"https:\\\/\\\/www.heronaviation.com\\\/de\\\/mittsommerfest-in-schweden-ein-fest-wie-aus-einer-anderen-welt\\\/#breadcrumb\"},\"inLanguage\":\"de\",\"potentialAction\":[{\"@type\":\"ReadAction\",\"target\":[\"https:\\\/\\\/www.heronaviation.com\\\/de\\\/mittsommerfest-in-schweden-ein-fest-wie-aus-einer-anderen-welt\\\/\"]}]},{\"@type\":\"ImageObject\",\"inLanguage\":\"de\",\"@id\":\"https:\\\/\\\/www.heronaviation.com\\\/de\\\/mittsommerfest-in-schweden-ein-fest-wie-aus-einer-anderen-welt\\\/#primaryimage\",\"url\":\"https:\\\/\\\/www.heronaviation.com\\\/wp-content\\\/uploads\\\/2024\\\/06\\\/sweden-1542694_640.jpg\",\"contentUrl\":\"https:\\\/\\\/www.heronaviation.com\\\/wp-content\\\/uploads\\\/2024\\\/06\\\/sweden-1542694_640.jpg\",\"width\":640,\"height\":480},{\"@type\":\"BreadcrumbList\",\"@id\":\"https:\\\/\\\/www.heronaviation.com\\\/de\\\/mittsommerfest-in-schweden-ein-fest-wie-aus-einer-anderen-welt\\\/#breadcrumb\",\"itemListElement\":[{\"@type\":\"ListItem\",\"position\":1,\"name\":\"Startseite\",\"item\":\"https:\\\/\\\/www.heronaviation.com\\\/de\\\/\"},{\"@type\":\"ListItem\",\"position\":2,\"name\":\"Mittsommerfest in Schweden \u2013 ein Fest wie aus einer anderen Welt\"}]},{\"@type\":\"WebSite\",\"@id\":\"https:\\\/\\\/www.heronaviation.com\\\/de\\\/#website\",\"url\":\"https:\\\/\\\/www.heronaviation.com\\\/de\\\/\",\"name\":\"Heron Aviation\",\"description\":\"Discretion, Safety, Trust\",\"publisher\":{\"@id\":\"https:\\\/\\\/www.heronaviation.com\\\/de\\\/#organization\"},\"potentialAction\":[{\"@type\":\"SearchAction\",\"target\":{\"@type\":\"EntryPoint\",\"urlTemplate\":\"https:\\\/\\\/www.heronaviation.com\\\/de\\\/?s={search_term_string}\"},\"query-input\":{\"@type\":\"PropertyValueSpecification\",\"valueRequired\":true,\"valueName\":\"search_term_string\"}}],\"inLanguage\":\"de\"},{\"@type\":\"Organization\",\"@id\":\"https:\\\/\\\/www.heronaviation.com\\\/de\\\/#organization\",\"name\":\"Heron Aviation GmbH\",\"url\":\"https:\\\/\\\/www.heronaviation.com\\\/de\\\/\",\"logo\":{\"@type\":\"ImageObject\",\"inLanguage\":\"de\",\"@id\":\"https:\\\/\\\/www.heronaviation.com\\\/de\\\/#\\\/schema\\\/logo\\\/image\\\/\",\"url\":\"https:\\\/\\\/www.heronaviation.com\\\/wp-content\\\/uploads\\\/2021\\\/05\\\/cropped-Heron-Logo-Transparent-1.png\",\"contentUrl\":\"https:\\\/\\\/www.heronaviation.com\\\/wp-content\\\/uploads\\\/2021\\\/05\\\/cropped-Heron-Logo-Transparent-1.png\",\"width\":934,\"height\":267,\"caption\":\"Heron Aviation GmbH\"},\"image\":{\"@id\":\"https:\\\/\\\/www.heronaviation.com\\\/de\\\/#\\\/schema\\\/logo\\\/image\\\/\"}},{\"@type\":\"Person\",\"@id\":\"https:\\\/\\\/www.heronaviation.com\\\/de\\\/#\\\/schema\\\/person\\\/30c693b9ca3a03f570cb9c65bdd3e8f0\",\"name\":\"Iris B\u00e4umle\",\"image\":{\"@type\":\"ImageObject\",\"inLanguage\":\"de\",\"@id\":\"https:\\\/\\\/secure.gravatar.com\\\/avatar\\\/e5eb9df4d16362205c6751ec9581f4b44c6820d2ec602cd8e99743b6bcd4d126?s=96&d=mm&r=g\",\"url\":\"https:\\\/\\\/secure.gravatar.com\\\/avatar\\\/e5eb9df4d16362205c6751ec9581f4b44c6820d2ec602cd8e99743b6bcd4d126?s=96&d=mm&r=g\",\"contentUrl\":\"https:\\\/\\\/secure.gravatar.com\\\/avatar\\\/e5eb9df4d16362205c6751ec9581f4b44c6820d2ec602cd8e99743b6bcd4d126?s=96&d=mm&r=g\",\"caption\":\"Iris B\u00e4umle\"}}]}<\/script>\n<!-- \/ Yoast SEO Premium plugin. -->","yoast_head_json":{"title":"Mittsommerfest in Schweden \u2013 ein Fest wie aus einer anderen Welt - Heron Aviation","description":"Wenn die Tage wieder lang werden bereiten sie die Schweden auf das Fest der Feste vor. Das Mittsommerfest gilt als das zweitgr\u00f6\u00dfte Fest","robots":{"index":"index","follow":"follow","max-snippet":"max-snippet:-1","max-image-preview":"max-image-preview:large","max-video-preview":"max-video-preview:-1"},"canonical":"https:\/\/www.heronaviation.com\/de\/mittsommerfest-in-schweden-ein-fest-wie-aus-einer-anderen-welt\/","og_locale":"de_DE","og_type":"article","og_title":"Mittsommerfest in Schweden \u2013 ein Fest wie aus einer anderen Welt","og_description":"Wenn die Tage wieder lang werden bereiten sie die Schweden auf das Fest der Feste vor. Das Mittsommerfest gilt als das zweitgr\u00f6\u00dfte Fest","og_url":"https:\/\/www.heronaviation.com\/de\/mittsommerfest-in-schweden-ein-fest-wie-aus-einer-anderen-welt\/","og_site_name":"Heron Aviation","article_published_time":"2024-06-21T11:02:52+00:00","article_modified_time":"2024-06-21T12:03:56+00:00","og_image":[{"width":640,"height":480,"url":"https:\/\/www.heronaviation.com\/wp-content\/uploads\/2024\/06\/sweden-1542694_640.jpg","type":"image\/jpeg"}],"author":"Iris B\u00e4umle","twitter_card":"summary_large_image","twitter_misc":{"Verfasst von":"Iris B\u00e4umle","Gesch\u00e4tzte Lesezeit":"5\u00a0Minuten"},"schema":{"@context":"https:\/\/schema.org","@graph":[{"@type":"Article","@id":"https:\/\/www.heronaviation.com\/de\/mittsommerfest-in-schweden-ein-fest-wie-aus-einer-anderen-welt\/#article","isPartOf":{"@id":"https:\/\/www.heronaviation.com\/de\/mittsommerfest-in-schweden-ein-fest-wie-aus-einer-anderen-welt\/"},"author":{"name":"Iris B\u00e4umle","@id":"https:\/\/www.heronaviation.com\/de\/#\/schema\/person\/30c693b9ca3a03f570cb9c65bdd3e8f0"},"headline":"Mittsommerfest in Schweden \u2013 ein Fest wie aus einer anderen Welt","datePublished":"2024-06-21T11:02:52+00:00","dateModified":"2024-06-21T12:03:56+00:00","mainEntityOfPage":{"@id":"https:\/\/www.heronaviation.com\/de\/mittsommerfest-in-schweden-ein-fest-wie-aus-einer-anderen-welt\/"},"wordCount":714,"commentCount":0,"publisher":{"@id":"https:\/\/www.heronaviation.com\/de\/#organization"},"image":{"@id":"https:\/\/www.heronaviation.com\/de\/mittsommerfest-in-schweden-ein-fest-wie-aus-einer-anderen-welt\/#primaryimage"},"thumbnailUrl":"https:\/\/www.heronaviation.com\/wp-content\/uploads\/2024\/06\/sweden-1542694_640.jpg","inLanguage":"de","potentialAction":[{"@type":"CommentAction","name":"Comment","target":["https:\/\/www.heronaviation.com\/de\/mittsommerfest-in-schweden-ein-fest-wie-aus-einer-anderen-welt\/#respond"]}]},{"@type":"WebPage","@id":"https:\/\/www.heronaviation.com\/de\/mittsommerfest-in-schweden-ein-fest-wie-aus-einer-anderen-welt\/","url":"https:\/\/www.heronaviation.com\/de\/mittsommerfest-in-schweden-ein-fest-wie-aus-einer-anderen-welt\/","name":"Mittsommerfest in Schweden \u2013 ein Fest wie aus einer anderen Welt - Heron Aviation","isPartOf":{"@id":"https:\/\/www.heronaviation.com\/de\/#website"},"primaryImageOfPage":{"@id":"https:\/\/www.heronaviation.com\/de\/mittsommerfest-in-schweden-ein-fest-wie-aus-einer-anderen-welt\/#primaryimage"},"image":{"@id":"https:\/\/www.heronaviation.com\/de\/mittsommerfest-in-schweden-ein-fest-wie-aus-einer-anderen-welt\/#primaryimage"},"thumbnailUrl":"https:\/\/www.heronaviation.com\/wp-content\/uploads\/2024\/06\/sweden-1542694_640.jpg","datePublished":"2024-06-21T11:02:52+00:00","dateModified":"2024-06-21T12:03:56+00:00","description":"Wenn die Tage wieder lang werden bereiten sie die Schweden auf das Fest der Feste vor. Das Mittsommerfest gilt als das zweitgr\u00f6\u00dfte Fest","breadcrumb":{"@id":"https:\/\/www.heronaviation.com\/de\/mittsommerfest-in-schweden-ein-fest-wie-aus-einer-anderen-welt\/#breadcrumb"},"inLanguage":"de","potentialAction":[{"@type":"ReadAction","target":["https:\/\/www.heronaviation.com\/de\/mittsommerfest-in-schweden-ein-fest-wie-aus-einer-anderen-welt\/"]}]},{"@type":"ImageObject","inLanguage":"de","@id":"https:\/\/www.heronaviation.com\/de\/mittsommerfest-in-schweden-ein-fest-wie-aus-einer-anderen-welt\/#primaryimage","url":"https:\/\/www.heronaviation.com\/wp-content\/uploads\/2024\/06\/sweden-1542694_640.jpg","contentUrl":"https:\/\/www.heronaviation.com\/wp-content\/uploads\/2024\/06\/sweden-1542694_640.jpg","width":640,"height":480},{"@type":"BreadcrumbList","@id":"https:\/\/www.heronaviation.com\/de\/mittsommerfest-in-schweden-ein-fest-wie-aus-einer-anderen-welt\/#breadcrumb","itemListElement":[{"@type":"ListItem","position":1,"name":"Startseite","item":"https:\/\/www.heronaviation.com\/de\/"},{"@type":"ListItem","position":2,"name":"Mittsommerfest in Schweden \u2013 ein Fest wie aus einer anderen Welt"}]},{"@type":"WebSite","@id":"https:\/\/www.heronaviation.com\/de\/#website","url":"https:\/\/www.heronaviation.com\/de\/","name":"Heron Aviation","description":"Discretion, Safety, Trust","publisher":{"@id":"https:\/\/www.heronaviation.com\/de\/#organization"},"potentialAction":[{"@type":"SearchAction","target":{"@type":"EntryPoint","urlTemplate":"https:\/\/www.heronaviation.com\/de\/?s={search_term_string}"},"query-input":{"@type":"PropertyValueSpecification","valueRequired":true,"valueName":"search_term_string"}}],"inLanguage":"de"},{"@type":"Organization","@id":"https:\/\/www.heronaviation.com\/de\/#organization","name":"Heron Aviation GmbH","url":"https:\/\/www.heronaviation.com\/de\/","logo":{"@type":"ImageObject","inLanguage":"de","@id":"https:\/\/www.heronaviation.com\/de\/#\/schema\/logo\/image\/","url":"https:\/\/www.heronaviation.com\/wp-content\/uploads\/2021\/05\/cropped-Heron-Logo-Transparent-1.png","contentUrl":"https:\/\/www.heronaviation.com\/wp-content\/uploads\/2021\/05\/cropped-Heron-Logo-Transparent-1.png","width":934,"height":267,"caption":"Heron Aviation GmbH"},"image":{"@id":"https:\/\/www.heronaviation.com\/de\/#\/schema\/logo\/image\/"}},{"@type":"Person","@id":"https:\/\/www.heronaviation.com\/de\/#\/schema\/person\/30c693b9ca3a03f570cb9c65bdd3e8f0","name":"Iris B\u00e4umle","image":{"@type":"ImageObject","inLanguage":"de","@id":"https:\/\/secure.gravatar.com\/avatar\/e5eb9df4d16362205c6751ec9581f4b44c6820d2ec602cd8e99743b6bcd4d126?s=96&d=mm&r=g","url":"https:\/\/secure.gravatar.com\/avatar\/e5eb9df4d16362205c6751ec9581f4b44c6820d2ec602cd8e99743b6bcd4d126?s=96&d=mm&r=g","contentUrl":"https:\/\/secure.gravatar.com\/avatar\/e5eb9df4d16362205c6751ec9581f4b44c6820d2ec602cd8e99743b6bcd4d126?s=96&d=mm&r=g","caption":"Iris B\u00e4umle"}}]}},"_links":{"self":[{"href":"https:\/\/www.heronaviation.com\/de\/wp-json\/wp\/v2\/posts\/11694","targetHints":{"allow":["GET"]}}],"collection":[{"href":"https:\/\/www.heronaviation.com\/de\/wp-json\/wp\/v2\/posts"}],"about":[{"href":"https:\/\/www.heronaviation.com\/de\/wp-json\/wp\/v2\/types\/post"}],"author":[{"embeddable":true,"href":"https:\/\/www.heronaviation.com\/de\/wp-json\/wp\/v2\/users\/7"}],"replies":[{"embeddable":true,"href":"https:\/\/www.heronaviation.com\/de\/wp-json\/wp\/v2\/comments?post=11694"}],"version-history":[{"count":5,"href":"https:\/\/www.heronaviation.com\/de\/wp-json\/wp\/v2\/posts\/11694\/revisions"}],"predecessor-version":[{"id":11722,"href":"https:\/\/www.heronaviation.com\/de\/wp-json\/wp\/v2\/posts\/11694\/revisions\/11722"}],"wp:featuredmedia":[{"embeddable":true,"href":"https:\/\/www.heronaviation.com\/de\/wp-json\/wp\/v2\/media\/11706"}],"wp:attachment":[{"href":"https:\/\/www.heronaviation.com\/de\/wp-json\/wp\/v2\/media?parent=11694"}],"wp:term":[{"taxonomy":"category","embeddable":true,"href":"https:\/\/www.heronaviation.com\/de\/wp-json\/wp\/v2\/categories?post=11694"},{"taxonomy":"post_tag","embeddable":true,"href":"https:\/\/www.heronaviation.com\/de\/wp-json\/wp\/v2\/tags?post=11694"}],"curies":[{"name":"wp","href":"https:\/\/api.w.org\/{rel}","templated":true}]}}