{"id":14536,"date":"2025-05-16T08:58:19","date_gmt":"2025-05-16T06:58:19","guid":{"rendered":"https:\/\/www.heronaviation.com\/?p=14536"},"modified":"2025-09-12T11:11:56","modified_gmt":"2025-09-12T09:11:56","slug":"basel-schweiz-stadt-der-museen-und-events","status":"publish","type":"post","link":"https:\/\/www.heronaviation.com\/de\/basel-schweiz-stadt-der-museen-und-events\/","title":{"rendered":"Basel, Schweiz &#8211; Stadt der Museen und Events"},"content":{"rendered":"\t\t<div data-elementor-type=\"wp-post\" data-elementor-id=\"14536\" class=\"elementor elementor-14536\" data-elementor-post-type=\"post\">\n\t\t\t\t\t\t<section class=\"elementor-section elementor-top-section elementor-element elementor-element-4ef6cfad elementor-section-boxed elementor-section-height-default elementor-section-height-default\" data-id=\"4ef6cfad\" data-element_type=\"section\" data-settings=\"{&quot;jet_parallax_layout_list&quot;:[]}\">\n\t\t\t\t\t\t<div class=\"elementor-container elementor-column-gap-default\">\n\t\t\t\t\t<div class=\"elementor-column elementor-col-100 elementor-top-column elementor-element elementor-element-52b5a4b1\" data-id=\"52b5a4b1\" data-element_type=\"column\">\n\t\t\t<div class=\"elementor-widget-wrap elementor-element-populated\">\n\t\t\t\t\t\t<div class=\"elementor-element elementor-element-36f8b3e2 elementor-widget elementor-widget-text-editor\" data-id=\"36f8b3e2\" data-element_type=\"widget\" data-widget_type=\"text-editor.default\">\n\t\t\t\t<div class=\"elementor-widget-container\">\n\t\t\t\t\t\t\t\t\t<p>Basel, Schweiz \u2013 obwohl Basel nicht die Hauptstadt der Schweiz ist, dies ist Bern, ist sie jedoch die drittgr\u00f6\u00dfte Stadt in der Schweiz. Mit \u00fcber 175.000 Einwohnern folgt sie mit gro\u00dfen Schritten Z\u00fcrich und Genf. Im Drei-L\u00e4nder-Eck gelegen, liegt bereits der Flughafen auf franz\u00f6sischem Gebiet und Deutschland ist auch in greifbarer N\u00e4he.<\/p><p><img decoding=\"async\" class=\"size-medium wp-image-14540 alignright\" src=\"https:\/\/www.heronaviation.com\/wp-content\/uploads\/2025\/05\/eurovision-switzerland-300x150.jpg\" alt=\"\" width=\"300\" height=\"150\" srcset=\"https:\/\/www.heronaviation.com\/wp-content\/uploads\/2025\/05\/eurovision-switzerland-300x150.jpg 300w, https:\/\/www.heronaviation.com\/wp-content\/uploads\/2025\/05\/eurovision-switzerland-1024x512.jpg 1024w, https:\/\/www.heronaviation.com\/wp-content\/uploads\/2025\/05\/eurovision-switzerland-768x384.jpg 768w, https:\/\/www.heronaviation.com\/wp-content\/uploads\/2025\/05\/eurovision-switzerland.jpg 1500w\" sizes=\"(max-width: 300px) 100vw, 300px\" \/>Als Gastgeber des 69. EUROVISION SONG CONTEST 2025, ein internationaler j\u00e4hrlicher Liederwettbewerb, ist die Aufmerksamkeit speziell f\u00fcr diese Region gewachsen. Der Bekanntheitsgrad erlangt durch solche internationalen Events mit 37 teilnehmenden Nationen doch erheblich an Bedeutung. Live im Fernsehen \u00fcbertragen, d\u00fcrfen alle Zuschauer vor Ort und an den Fernsehger\u00e4ten sowie den jeweiligen Juries abstimmen \u2026 and 12 Points go to \u2026, jedoch nicht f\u00fcr das eigene Land. Der jeweilige Gewinner ist dann Ausrichter des n\u00e4chsten Contests.<\/p><p>Doch Basel ist viel mehr als das:<\/p><ul><li>Die<strong> Swiss Indoors<\/strong> &#8211; Das ATP-Turnier von Basel ist ein Herren-Tennisturnier. Dieses drittgr\u00f6\u00dfte Hallenturnier findet im Sp\u00e4therbst in der St. Jakobshalle in Basel statt.<\/li><li>Das<strong> Museum Tinguely<\/strong> &#8211; ein Kunstmuseum, das in einer permanenten Ausstellung das Leben und die Werke des K\u00fcnstlers Jean Tinguely zeigt.<\/li><li>Der<strong> Novartis Pavillon<\/strong> \u2013 er\u00f6ffnet am 30.04.2022 ist dies ein Ausstellungs-, Begegnungs- und Veranstaltungszentrum, welches Lernen, Wissen und Austausch verbindet.<\/li><\/ul><p>\u00a0<\/p><p><img fetchpriority=\"high\" decoding=\"async\" class=\"size-medium wp-image-14552 alignleft\" src=\"https:\/\/www.heronaviation.com\/wp-content\/uploads\/2025\/05\/roche-1697278_640-300x200.jpg\" alt=\"\" width=\"300\" height=\"200\" srcset=\"https:\/\/www.heronaviation.com\/wp-content\/uploads\/2025\/05\/roche-1697278_640-300x200.jpg 300w, https:\/\/www.heronaviation.com\/wp-content\/uploads\/2025\/05\/roche-1697278_640.jpg 640w\" sizes=\"(max-width: 300px) 100vw, 300px\" \/>Der<strong> Roche Turm<\/strong> \u2013 diese Geb\u00e4ude ist ein Hochhaus und Hauptsitz des Pharmakonzerns Roche Holding. Dieser ist auch der Eigent\u00fcmer und Bauherr dieses 178 Meter Bauwerks. Es ist leider \u00f6ffentlich nicht zug\u00e4nglich.<\/p><p><img decoding=\"async\" class=\"size-medium wp-image-14549 alignright\" src=\"https:\/\/www.heronaviation.com\/wp-content\/uploads\/2025\/05\/outdoors-5159675_640-300x200.jpg\" alt=\"\" width=\"300\" height=\"200\" srcset=\"https:\/\/www.heronaviation.com\/wp-content\/uploads\/2025\/05\/outdoors-5159675_640-300x200.jpg 300w, https:\/\/www.heronaviation.com\/wp-content\/uploads\/2025\/05\/outdoors-5159675_640.jpg 640w\" sizes=\"(max-width: 300px) 100vw, 300px\" \/><\/p><p>\u00a0<\/p><p>\u00a0<\/p><p>Die<strong> Basler Fasnacht &#8211; <\/strong>ist ein kulturelles Ereignis im Februar, M\u00e4rz, eine Mischung aus Freudentaumel und Melancholie, aus Totentanz und Mummenschanz, Chaos und Ordnung, Musik und L\u00e4rm, Kreativit\u00e4t und Handwerk, Humor und Kritik, Tradition und Moderne. Auftakt ist der sogenannte Morgenstreich, um Schlag 4.00 Uhr morgens am Montag nach Aschermittwoch.<\/p><p>\u00a0<\/p><p><img loading=\"lazy\" decoding=\"async\" class=\"size-medium wp-image-14537 alignleft\" src=\"https:\/\/www.heronaviation.com\/wp-content\/uploads\/2025\/05\/basel-cathedral-699863_640-300x225.jpg\" alt=\"\" width=\"300\" height=\"225\" srcset=\"https:\/\/www.heronaviation.com\/wp-content\/uploads\/2025\/05\/basel-cathedral-699863_640-300x225.jpg 300w, https:\/\/www.heronaviation.com\/wp-content\/uploads\/2025\/05\/basel-cathedral-699863_640.jpg 640w\" sizes=\"(max-width: 300px) 100vw, 300px\" \/><\/p><p>\u00a0<\/p><p>Das\u00a0<strong>Basler M\u00fcnster<\/strong>ist eine der Hauptsehensw\u00fcrdigkeiten und ein\u00a0Wahrzeichen der Stadt. Es pr\u00e4gt mit Fassaden aus rotem Sandstein, bunten Dachziegeln, schlanken Kircht\u00fcrmen das Stadtbild.<\/p><p><img loading=\"lazy\" decoding=\"async\" class=\"size-medium wp-image-14561 alignright\" src=\"https:\/\/www.heronaviation.com\/wp-content\/uploads\/2025\/05\/tram-3955750_640-300x203.jpg\" alt=\"\" width=\"300\" height=\"203\" srcset=\"https:\/\/www.heronaviation.com\/wp-content\/uploads\/2025\/05\/tram-3955750_640-300x203.jpg 300w, https:\/\/www.heronaviation.com\/wp-content\/uploads\/2025\/05\/tram-3955750_640.jpg 640w\" sizes=\"(max-width: 300px) 100vw, 300px\" \/><\/p><p>\u00a0<\/p><p>Die <strong>Basler Tram<\/strong>ist eines der \u00f6ffentlichen Verkehrsmittel, welches die Stadt Basel und einiger D\u00f6rfer in der Umgebung bedient. Wie die\u00a0Kathedrale\u00a0ist auch die Stra\u00dfenbahn eines der Wahrzeichen der Stadt. Aufgrund seiner Langlebigkeit (mittlerweile mehr als ein Jahrhundert) geh\u00f6rt es zum Erbe Basels.<\/p><p>\u00a0<\/p><p><img loading=\"lazy\" decoding=\"async\" class=\"size-medium wp-image-14543 alignleft\" src=\"https:\/\/www.heronaviation.com\/wp-content\/uploads\/2025\/05\/Logo-ESC-Basel-2025-226x300.jpg\" alt=\"\" width=\"226\" height=\"300\" srcset=\"https:\/\/www.heronaviation.com\/wp-content\/uploads\/2025\/05\/Logo-ESC-Basel-2025-226x300.jpg 226w, https:\/\/www.heronaviation.com\/wp-content\/uploads\/2025\/05\/Logo-ESC-Basel-2025-773x1024.jpg 773w, https:\/\/www.heronaviation.com\/wp-content\/uploads\/2025\/05\/Logo-ESC-Basel-2025-768x1018.jpg 768w, https:\/\/www.heronaviation.com\/wp-content\/uploads\/2025\/05\/Logo-ESC-Basel-2025-1159x1536.jpg 1159w, https:\/\/www.heronaviation.com\/wp-content\/uploads\/2025\/05\/Logo-ESC-Basel-2025-1545x2048.jpg 1545w, https:\/\/www.heronaviation.com\/wp-content\/uploads\/2025\/05\/Logo-ESC-Basel-2025.jpg 1712w\" sizes=\"(max-width: 226px) 100vw, 226px\" \/><\/p><p>\u00a0<\/p><p>\u00a0<\/p><p>Weitere Highlights bilden die vielen Messen und Events \u00fcber dem Jahr verteilt. So z.B. die Basler Art Fair (im Juni), die Basler Herbstmesse und der traditionelle Weihnachtsmarkt. Also immer etwas los hier in Basel.<\/p>\t\t\t\t\t\t\t\t<\/div>\n\t\t\t\t<\/div>\n\t\t\t\t\t<\/div>\n\t\t<\/div>\n\t\t\t\t\t<\/div>\n\t\t<\/section>\n\t\t\t\t<\/div>\n\t\t","protected":false},"excerpt":{"rendered":"<p>Basel, Schweiz \u2013 obwohl Basel nicht die Hauptstadt der Schweiz ist, dies ist Bern, ist sie jedoch die drittgr\u00f6\u00dfte Stadt in der Schweiz. Mit \u00fcber 175.000 Einwohnern folgt sie mit gro\u00dfen Schritten Z\u00fcrich und Genf. Im Drei-L\u00e4nder-Eck gelegen, liegt bereits der Flughafen auf franz\u00f6sischem Gebiet und Deutschland ist auch in greifbarer N\u00e4he. Als Gastgeber des [&hellip;]<\/p>\n","protected":false},"author":7,"featured_media":14546,"comment_status":"open","ping_status":"open","sticky":false,"template":"","format":"standard","meta":{"_acf_changed":false,"footnotes":""},"categories":[1],"tags":[],"class_list":["post-14536","post","type-post","status-publish","format-standard","has-post-thumbnail","hentry","category-allgemein"],"acf":[],"yoast_head":"<!-- This site is optimized with the Yoast SEO Premium plugin v25.9 (Yoast SEO v27.5) - https:\/\/yoast.com\/product\/yoast-seo-premium-wordpress\/ -->\n<title>Basel, Schweiz - Stadt der Museen und Events - Heron Aviation<\/title>\n<meta name=\"description\" content=\"Dies ist Basel, Gastgeber des ESC 2025 am 17.05.2025\" \/>\n<meta name=\"robots\" content=\"index, follow, max-snippet:-1, max-image-preview:large, max-video-preview:-1\" \/>\n<link rel=\"canonical\" href=\"https:\/\/www.heronaviation.com\/de\/basel-schweiz-stadt-der-museen-und-events\/\" \/>\n<meta property=\"og:locale\" content=\"de_DE\" \/>\n<meta property=\"og:type\" content=\"article\" \/>\n<meta property=\"og:title\" content=\"Basel, Schweiz - Stadt der Museen und Events\" \/>\n<meta property=\"og:description\" content=\"Dies ist Basel, Gastgeber des ESC 2025 am 17.05.2025\" \/>\n<meta property=\"og:url\" content=\"https:\/\/www.heronaviation.com\/de\/basel-schweiz-stadt-der-museen-und-events\/\" \/>\n<meta property=\"og:site_name\" content=\"Heron Aviation\" \/>\n<meta property=\"article:published_time\" content=\"2025-05-16T06:58:19+00:00\" \/>\n<meta property=\"article:modified_time\" content=\"2025-09-12T09:11:56+00:00\" \/>\n<meta property=\"og:image\" content=\"https:\/\/www.heronaviation.com\/wp-content\/uploads\/2025\/05\/munster-4971620_960_720.jpg\" \/>\n\t<meta property=\"og:image:width\" content=\"960\" \/>\n\t<meta property=\"og:image:height\" content=\"686\" \/>\n\t<meta property=\"og:image:type\" content=\"image\/jpeg\" \/>\n<meta name=\"author\" content=\"Iris B\u00e4umle\" \/>\n<meta name=\"twitter:card\" content=\"summary_large_image\" \/>\n<meta name=\"twitter:label1\" content=\"Verfasst von\" \/>\n\t<meta name=\"twitter:data1\" content=\"Iris B\u00e4umle\" \/>\n\t<meta name=\"twitter:label2\" content=\"Gesch\u00e4tzte Lesezeit\" \/>\n\t<meta name=\"twitter:data2\" content=\"4\u00a0Minuten\" \/>\n<script type=\"application\/ld+json\" class=\"yoast-schema-graph\">{\"@context\":\"https:\\\/\\\/schema.org\",\"@graph\":[{\"@type\":\"Article\",\"@id\":\"https:\\\/\\\/www.heronaviation.com\\\/de\\\/basel-schweiz-stadt-der-museen-und-events\\\/#article\",\"isPartOf\":{\"@id\":\"https:\\\/\\\/www.heronaviation.com\\\/de\\\/basel-schweiz-stadt-der-museen-und-events\\\/\"},\"author\":{\"name\":\"Iris B\u00e4umle\",\"@id\":\"https:\\\/\\\/www.heronaviation.com\\\/de\\\/#\\\/schema\\\/person\\\/30c693b9ca3a03f570cb9c65bdd3e8f0\"},\"headline\":\"Basel, Schweiz &#8211; Stadt der Museen und Events\",\"datePublished\":\"2025-05-16T06:58:19+00:00\",\"dateModified\":\"2025-09-12T09:11:56+00:00\",\"mainEntityOfPage\":{\"@id\":\"https:\\\/\\\/www.heronaviation.com\\\/de\\\/basel-schweiz-stadt-der-museen-und-events\\\/\"},\"wordCount\":407,\"commentCount\":0,\"publisher\":{\"@id\":\"https:\\\/\\\/www.heronaviation.com\\\/de\\\/#organization\"},\"image\":{\"@id\":\"https:\\\/\\\/www.heronaviation.com\\\/de\\\/basel-schweiz-stadt-der-museen-und-events\\\/#primaryimage\"},\"thumbnailUrl\":\"https:\\\/\\\/www.heronaviation.com\\\/wp-content\\\/uploads\\\/2025\\\/05\\\/munster-4971620_960_720.jpg\",\"inLanguage\":\"de\",\"potentialAction\":[{\"@type\":\"CommentAction\",\"name\":\"Comment\",\"target\":[\"https:\\\/\\\/www.heronaviation.com\\\/de\\\/basel-schweiz-stadt-der-museen-und-events\\\/#respond\"]}]},{\"@type\":\"WebPage\",\"@id\":\"https:\\\/\\\/www.heronaviation.com\\\/de\\\/basel-schweiz-stadt-der-museen-und-events\\\/\",\"url\":\"https:\\\/\\\/www.heronaviation.com\\\/de\\\/basel-schweiz-stadt-der-museen-und-events\\\/\",\"name\":\"Basel, Schweiz - Stadt der Museen und Events - Heron Aviation\",\"isPartOf\":{\"@id\":\"https:\\\/\\\/www.heronaviation.com\\\/de\\\/#website\"},\"primaryImageOfPage\":{\"@id\":\"https:\\\/\\\/www.heronaviation.com\\\/de\\\/basel-schweiz-stadt-der-museen-und-events\\\/#primaryimage\"},\"image\":{\"@id\":\"https:\\\/\\\/www.heronaviation.com\\\/de\\\/basel-schweiz-stadt-der-museen-und-events\\\/#primaryimage\"},\"thumbnailUrl\":\"https:\\\/\\\/www.heronaviation.com\\\/wp-content\\\/uploads\\\/2025\\\/05\\\/munster-4971620_960_720.jpg\",\"datePublished\":\"2025-05-16T06:58:19+00:00\",\"dateModified\":\"2025-09-12T09:11:56+00:00\",\"description\":\"Dies ist Basel, Gastgeber des ESC 2025 am 17.05.2025\",\"breadcrumb\":{\"@id\":\"https:\\\/\\\/www.heronaviation.com\\\/de\\\/basel-schweiz-stadt-der-museen-und-events\\\/#breadcrumb\"},\"inLanguage\":\"de\",\"potentialAction\":[{\"@type\":\"ReadAction\",\"target\":[\"https:\\\/\\\/www.heronaviation.com\\\/de\\\/basel-schweiz-stadt-der-museen-und-events\\\/\"]}]},{\"@type\":\"ImageObject\",\"inLanguage\":\"de\",\"@id\":\"https:\\\/\\\/www.heronaviation.com\\\/de\\\/basel-schweiz-stadt-der-museen-und-events\\\/#primaryimage\",\"url\":\"https:\\\/\\\/www.heronaviation.com\\\/wp-content\\\/uploads\\\/2025\\\/05\\\/munster-4971620_960_720.jpg\",\"contentUrl\":\"https:\\\/\\\/www.heronaviation.com\\\/wp-content\\\/uploads\\\/2025\\\/05\\\/munster-4971620_960_720.jpg\",\"width\":960,\"height\":686},{\"@type\":\"BreadcrumbList\",\"@id\":\"https:\\\/\\\/www.heronaviation.com\\\/de\\\/basel-schweiz-stadt-der-museen-und-events\\\/#breadcrumb\",\"itemListElement\":[{\"@type\":\"ListItem\",\"position\":1,\"name\":\"Startseite\",\"item\":\"https:\\\/\\\/www.heronaviation.com\\\/de\\\/\"},{\"@type\":\"ListItem\",\"position\":2,\"name\":\"Basel, Schweiz &#8211; Stadt der Museen und Events\"}]},{\"@type\":\"WebSite\",\"@id\":\"https:\\\/\\\/www.heronaviation.com\\\/de\\\/#website\",\"url\":\"https:\\\/\\\/www.heronaviation.com\\\/de\\\/\",\"name\":\"Heron Aviation\",\"description\":\"Discretion, Safety, Trust\",\"publisher\":{\"@id\":\"https:\\\/\\\/www.heronaviation.com\\\/de\\\/#organization\"},\"potentialAction\":[{\"@type\":\"SearchAction\",\"target\":{\"@type\":\"EntryPoint\",\"urlTemplate\":\"https:\\\/\\\/www.heronaviation.com\\\/de\\\/?s={search_term_string}\"},\"query-input\":{\"@type\":\"PropertyValueSpecification\",\"valueRequired\":true,\"valueName\":\"search_term_string\"}}],\"inLanguage\":\"de\"},{\"@type\":\"Organization\",\"@id\":\"https:\\\/\\\/www.heronaviation.com\\\/de\\\/#organization\",\"name\":\"Heron Aviation GmbH\",\"url\":\"https:\\\/\\\/www.heronaviation.com\\\/de\\\/\",\"logo\":{\"@type\":\"ImageObject\",\"inLanguage\":\"de\",\"@id\":\"https:\\\/\\\/www.heronaviation.com\\\/de\\\/#\\\/schema\\\/logo\\\/image\\\/\",\"url\":\"https:\\\/\\\/www.heronaviation.com\\\/wp-content\\\/uploads\\\/2021\\\/05\\\/cropped-Heron-Logo-Transparent-1.png\",\"contentUrl\":\"https:\\\/\\\/www.heronaviation.com\\\/wp-content\\\/uploads\\\/2021\\\/05\\\/cropped-Heron-Logo-Transparent-1.png\",\"width\":934,\"height\":267,\"caption\":\"Heron Aviation GmbH\"},\"image\":{\"@id\":\"https:\\\/\\\/www.heronaviation.com\\\/de\\\/#\\\/schema\\\/logo\\\/image\\\/\"}},{\"@type\":\"Person\",\"@id\":\"https:\\\/\\\/www.heronaviation.com\\\/de\\\/#\\\/schema\\\/person\\\/30c693b9ca3a03f570cb9c65bdd3e8f0\",\"name\":\"Iris B\u00e4umle\",\"image\":{\"@type\":\"ImageObject\",\"inLanguage\":\"de\",\"@id\":\"https:\\\/\\\/secure.gravatar.com\\\/avatar\\\/e5eb9df4d16362205c6751ec9581f4b44c6820d2ec602cd8e99743b6bcd4d126?s=96&d=mm&r=g\",\"url\":\"https:\\\/\\\/secure.gravatar.com\\\/avatar\\\/e5eb9df4d16362205c6751ec9581f4b44c6820d2ec602cd8e99743b6bcd4d126?s=96&d=mm&r=g\",\"contentUrl\":\"https:\\\/\\\/secure.gravatar.com\\\/avatar\\\/e5eb9df4d16362205c6751ec9581f4b44c6820d2ec602cd8e99743b6bcd4d126?s=96&d=mm&r=g\",\"caption\":\"Iris B\u00e4umle\"}}]}<\/script>\n<!-- \/ Yoast SEO Premium plugin. -->","yoast_head_json":{"title":"Basel, Schweiz - Stadt der Museen und Events - Heron Aviation","description":"Dies ist Basel, Gastgeber des ESC 2025 am 17.05.2025","robots":{"index":"index","follow":"follow","max-snippet":"max-snippet:-1","max-image-preview":"max-image-preview:large","max-video-preview":"max-video-preview:-1"},"canonical":"https:\/\/www.heronaviation.com\/de\/basel-schweiz-stadt-der-museen-und-events\/","og_locale":"de_DE","og_type":"article","og_title":"Basel, Schweiz - Stadt der Museen und Events","og_description":"Dies ist Basel, Gastgeber des ESC 2025 am 17.05.2025","og_url":"https:\/\/www.heronaviation.com\/de\/basel-schweiz-stadt-der-museen-und-events\/","og_site_name":"Heron Aviation","article_published_time":"2025-05-16T06:58:19+00:00","article_modified_time":"2025-09-12T09:11:56+00:00","og_image":[{"width":960,"height":686,"url":"https:\/\/www.heronaviation.com\/wp-content\/uploads\/2025\/05\/munster-4971620_960_720.jpg","type":"image\/jpeg"}],"author":"Iris B\u00e4umle","twitter_card":"summary_large_image","twitter_misc":{"Verfasst von":"Iris B\u00e4umle","Gesch\u00e4tzte Lesezeit":"4\u00a0Minuten"},"schema":{"@context":"https:\/\/schema.org","@graph":[{"@type":"Article","@id":"https:\/\/www.heronaviation.com\/de\/basel-schweiz-stadt-der-museen-und-events\/#article","isPartOf":{"@id":"https:\/\/www.heronaviation.com\/de\/basel-schweiz-stadt-der-museen-und-events\/"},"author":{"name":"Iris B\u00e4umle","@id":"https:\/\/www.heronaviation.com\/de\/#\/schema\/person\/30c693b9ca3a03f570cb9c65bdd3e8f0"},"headline":"Basel, Schweiz &#8211; Stadt der Museen und Events","datePublished":"2025-05-16T06:58:19+00:00","dateModified":"2025-09-12T09:11:56+00:00","mainEntityOfPage":{"@id":"https:\/\/www.heronaviation.com\/de\/basel-schweiz-stadt-der-museen-und-events\/"},"wordCount":407,"commentCount":0,"publisher":{"@id":"https:\/\/www.heronaviation.com\/de\/#organization"},"image":{"@id":"https:\/\/www.heronaviation.com\/de\/basel-schweiz-stadt-der-museen-und-events\/#primaryimage"},"thumbnailUrl":"https:\/\/www.heronaviation.com\/wp-content\/uploads\/2025\/05\/munster-4971620_960_720.jpg","inLanguage":"de","potentialAction":[{"@type":"CommentAction","name":"Comment","target":["https:\/\/www.heronaviation.com\/de\/basel-schweiz-stadt-der-museen-und-events\/#respond"]}]},{"@type":"WebPage","@id":"https:\/\/www.heronaviation.com\/de\/basel-schweiz-stadt-der-museen-und-events\/","url":"https:\/\/www.heronaviation.com\/de\/basel-schweiz-stadt-der-museen-und-events\/","name":"Basel, Schweiz - Stadt der Museen und Events - Heron Aviation","isPartOf":{"@id":"https:\/\/www.heronaviation.com\/de\/#website"},"primaryImageOfPage":{"@id":"https:\/\/www.heronaviation.com\/de\/basel-schweiz-stadt-der-museen-und-events\/#primaryimage"},"image":{"@id":"https:\/\/www.heronaviation.com\/de\/basel-schweiz-stadt-der-museen-und-events\/#primaryimage"},"thumbnailUrl":"https:\/\/www.heronaviation.com\/wp-content\/uploads\/2025\/05\/munster-4971620_960_720.jpg","datePublished":"2025-05-16T06:58:19+00:00","dateModified":"2025-09-12T09:11:56+00:00","description":"Dies ist Basel, Gastgeber des ESC 2025 am 17.05.2025","breadcrumb":{"@id":"https:\/\/www.heronaviation.com\/de\/basel-schweiz-stadt-der-museen-und-events\/#breadcrumb"},"inLanguage":"de","potentialAction":[{"@type":"ReadAction","target":["https:\/\/www.heronaviation.com\/de\/basel-schweiz-stadt-der-museen-und-events\/"]}]},{"@type":"ImageObject","inLanguage":"de","@id":"https:\/\/www.heronaviation.com\/de\/basel-schweiz-stadt-der-museen-und-events\/#primaryimage","url":"https:\/\/www.heronaviation.com\/wp-content\/uploads\/2025\/05\/munster-4971620_960_720.jpg","contentUrl":"https:\/\/www.heronaviation.com\/wp-content\/uploads\/2025\/05\/munster-4971620_960_720.jpg","width":960,"height":686},{"@type":"BreadcrumbList","@id":"https:\/\/www.heronaviation.com\/de\/basel-schweiz-stadt-der-museen-und-events\/#breadcrumb","itemListElement":[{"@type":"ListItem","position":1,"name":"Startseite","item":"https:\/\/www.heronaviation.com\/de\/"},{"@type":"ListItem","position":2,"name":"Basel, Schweiz &#8211; Stadt der Museen und Events"}]},{"@type":"WebSite","@id":"https:\/\/www.heronaviation.com\/de\/#website","url":"https:\/\/www.heronaviation.com\/de\/","name":"Heron Aviation","description":"Discretion, Safety, Trust","publisher":{"@id":"https:\/\/www.heronaviation.com\/de\/#organization"},"potentialAction":[{"@type":"SearchAction","target":{"@type":"EntryPoint","urlTemplate":"https:\/\/www.heronaviation.com\/de\/?s={search_term_string}"},"query-input":{"@type":"PropertyValueSpecification","valueRequired":true,"valueName":"search_term_string"}}],"inLanguage":"de"},{"@type":"Organization","@id":"https:\/\/www.heronaviation.com\/de\/#organization","name":"Heron Aviation GmbH","url":"https:\/\/www.heronaviation.com\/de\/","logo":{"@type":"ImageObject","inLanguage":"de","@id":"https:\/\/www.heronaviation.com\/de\/#\/schema\/logo\/image\/","url":"https:\/\/www.heronaviation.com\/wp-content\/uploads\/2021\/05\/cropped-Heron-Logo-Transparent-1.png","contentUrl":"https:\/\/www.heronaviation.com\/wp-content\/uploads\/2021\/05\/cropped-Heron-Logo-Transparent-1.png","width":934,"height":267,"caption":"Heron Aviation GmbH"},"image":{"@id":"https:\/\/www.heronaviation.com\/de\/#\/schema\/logo\/image\/"}},{"@type":"Person","@id":"https:\/\/www.heronaviation.com\/de\/#\/schema\/person\/30c693b9ca3a03f570cb9c65bdd3e8f0","name":"Iris B\u00e4umle","image":{"@type":"ImageObject","inLanguage":"de","@id":"https:\/\/secure.gravatar.com\/avatar\/e5eb9df4d16362205c6751ec9581f4b44c6820d2ec602cd8e99743b6bcd4d126?s=96&d=mm&r=g","url":"https:\/\/secure.gravatar.com\/avatar\/e5eb9df4d16362205c6751ec9581f4b44c6820d2ec602cd8e99743b6bcd4d126?s=96&d=mm&r=g","contentUrl":"https:\/\/secure.gravatar.com\/avatar\/e5eb9df4d16362205c6751ec9581f4b44c6820d2ec602cd8e99743b6bcd4d126?s=96&d=mm&r=g","caption":"Iris B\u00e4umle"}}]}},"_links":{"self":[{"href":"https:\/\/www.heronaviation.com\/de\/wp-json\/wp\/v2\/posts\/14536","targetHints":{"allow":["GET"]}}],"collection":[{"href":"https:\/\/www.heronaviation.com\/de\/wp-json\/wp\/v2\/posts"}],"about":[{"href":"https:\/\/www.heronaviation.com\/de\/wp-json\/wp\/v2\/types\/post"}],"author":[{"embeddable":true,"href":"https:\/\/www.heronaviation.com\/de\/wp-json\/wp\/v2\/users\/7"}],"replies":[{"embeddable":true,"href":"https:\/\/www.heronaviation.com\/de\/wp-json\/wp\/v2\/comments?post=14536"}],"version-history":[{"count":16,"href":"https:\/\/www.heronaviation.com\/de\/wp-json\/wp\/v2\/posts\/14536\/revisions"}],"predecessor-version":[{"id":15060,"href":"https:\/\/www.heronaviation.com\/de\/wp-json\/wp\/v2\/posts\/14536\/revisions\/15060"}],"wp:featuredmedia":[{"embeddable":true,"href":"https:\/\/www.heronaviation.com\/de\/wp-json\/wp\/v2\/media\/14546"}],"wp:attachment":[{"href":"https:\/\/www.heronaviation.com\/de\/wp-json\/wp\/v2\/media?parent=14536"}],"wp:term":[{"taxonomy":"category","embeddable":true,"href":"https:\/\/www.heronaviation.com\/de\/wp-json\/wp\/v2\/categories?post=14536"},{"taxonomy":"post_tag","embeddable":true,"href":"https:\/\/www.heronaviation.com\/de\/wp-json\/wp\/v2\/tags?post=14536"}],"curies":[{"name":"wp","href":"https:\/\/api.w.org\/{rel}","templated":true}]}}