{"id":7547,"date":"2018-10-18T15:29:23","date_gmt":"2018-10-18T13:29:23","guid":{"rendered":"https:\/\/www.heronaviation.com\/heron-aviation-bekommt-verstaerkung-in-der-camo-abteilung\/"},"modified":"2021-12-22T16:22:31","modified_gmt":"2021-12-22T15:22:31","slug":"heron-aviation-bekommt-verstaerkung-in-der-camo-abteilung","status":"publish","type":"post","link":"https:\/\/www.heronaviation.com\/de\/heron-aviation-bekommt-verstaerkung-in-der-camo-abteilung\/","title":{"rendered":"Heron Aviation bekommt Verst\u00e4rkung in der CAMO Abteilung"},"content":{"rendered":"<p>Seit Oktober 2018 freut sich die Heron Aviation \u00fcber eine neue \u00fcber Verst\u00e4rkung \u00a0im Bereich CAMO.<\/p>\n<p>Mit dem Wachstum der Flotte, w\u00e4chst auch das Team. Crina\u00b4s Erfahrung wird die technische Abteilung von Heron dabei unterst\u00fctzen die Erf\u00fcllung von Kundenw\u00fcnschen in allen technischen Angelegenheiten \u00a0zu gew\u00e4hrleisten.<\/p>\n<p>Bevor Crina ins Heron Team kam, hat Sie Raumfahrttechnik an der Polytecknik Universit\u00e4t in Buckarest studiert. W\u00e4hrend ihres Studiums hat sie zwei Jahre als Wartungstechnikerin in einem Part 145 Wartungsbetrieb gearbeitet und anschlie\u00dfend ein weiteres Jahr in der CAMO Abteilung eines Luftfahrtunternehmens. Sie macht nebenberuflich ihren Master in Business Administration und Engineering Industry an der Fremdsprachenfakult\u00e4t f\u00fcr Ingenieurwissenschaften, mit voraussichtlichem Abschluss im Jahr 2019.<\/p>\n<p>Crina bringt neben ihren Erfahrungen in der Luftfahrtbranche auch vielf\u00e4ltige F\u00e4higkeiten und Fertigkeiten mit und wird sich dadurch schnell in die CAMO Abteilung der Heron integrieren und die Luftt\u00fcchtigkeit der Flotte unter Ber\u00fccksichtigung der beh\u00f6rdlichen Anforderungen gew\u00e4hrleisten.<\/p>\n","protected":false},"excerpt":{"rendered":"<p>Seit Oktober 2018 freut sich die Heron Aviation \u00fcber eine neue \u00fcber Verst\u00e4rkung \u00a0im Bereich CAMO. Mit dem Wachstum der Flotte, w\u00e4chst auch das Team. Crina\u00b4s Erfahrung wird die technische Abteilung von Heron dabei unterst\u00fctzen die Erf\u00fcllung von Kundenw\u00fcnschen in allen technischen Angelegenheiten \u00a0zu gew\u00e4hrleisten. Bevor Crina ins Heron Team kam, hat Sie Raumfahrttechnik an [&hellip;]<\/p>\n","protected":false},"author":9,"featured_media":0,"comment_status":"open","ping_status":"open","sticky":false,"template":"","format":"standard","meta":{"_acf_changed":false,"footnotes":""},"categories":[1],"tags":[],"class_list":["post-7547","post","type-post","status-publish","format-standard","hentry","category-allgemein"],"acf":[],"yoast_head":"<!-- This site is optimized with the Yoast SEO Premium plugin v25.9 (Yoast SEO v27.5) - https:\/\/yoast.com\/product\/yoast-seo-premium-wordpress\/ -->\n<title>Heron Aviation bekommt Verst\u00e4rkung in der CAMO Abteilung - Heron Aviation<\/title>\n<meta name=\"robots\" content=\"index, follow, max-snippet:-1, max-image-preview:large, max-video-preview:-1\" \/>\n<link rel=\"canonical\" href=\"https:\/\/www.heronaviation.com\/de\/heron-aviation-bekommt-verstaerkung-in-der-camo-abteilung\/\" \/>\n<meta property=\"og:locale\" content=\"de_DE\" \/>\n<meta property=\"og:type\" content=\"article\" \/>\n<meta property=\"og:title\" content=\"Heron Aviation bekommt Verst\u00e4rkung in der CAMO Abteilung\" \/>\n<meta property=\"og:description\" content=\"Seit Oktober 2018 freut sich die Heron Aviation \u00fcber eine neue \u00fcber Verst\u00e4rkung \u00a0im Bereich CAMO. Mit dem Wachstum der Flotte, w\u00e4chst auch das Team. Crina\u00b4s Erfahrung wird die technische Abteilung von Heron dabei unterst\u00fctzen die Erf\u00fcllung von Kundenw\u00fcnschen in allen technischen Angelegenheiten \u00a0zu gew\u00e4hrleisten. Bevor Crina ins Heron Team kam, hat Sie Raumfahrttechnik an [&hellip;]\" \/>\n<meta property=\"og:url\" content=\"https:\/\/www.heronaviation.com\/de\/heron-aviation-bekommt-verstaerkung-in-der-camo-abteilung\/\" \/>\n<meta property=\"og:site_name\" content=\"Heron Aviation\" \/>\n<meta property=\"article:published_time\" content=\"2018-10-18T13:29:23+00:00\" \/>\n<meta property=\"article:modified_time\" content=\"2021-12-22T15:22:31+00:00\" \/>\n<meta name=\"author\" content=\"Heron Admin\" \/>\n<meta name=\"twitter:card\" content=\"summary_large_image\" \/>\n<meta name=\"twitter:label1\" content=\"Verfasst von\" \/>\n\t<meta name=\"twitter:data1\" content=\"Heron Admin\" \/>\n\t<meta name=\"twitter:label2\" content=\"Gesch\u00e4tzte Lesezeit\" \/>\n\t<meta name=\"twitter:data2\" content=\"1\u00a0Minute\" \/>\n<script type=\"application\/ld+json\" class=\"yoast-schema-graph\">{\"@context\":\"https:\\\/\\\/schema.org\",\"@graph\":[{\"@type\":\"Article\",\"@id\":\"https:\\\/\\\/www.heronaviation.com\\\/de\\\/heron-aviation-bekommt-verstaerkung-in-der-camo-abteilung\\\/#article\",\"isPartOf\":{\"@id\":\"https:\\\/\\\/www.heronaviation.com\\\/de\\\/heron-aviation-bekommt-verstaerkung-in-der-camo-abteilung\\\/\"},\"author\":{\"name\":\"Heron Admin\",\"@id\":\"https:\\\/\\\/www.heronaviation.com\\\/de\\\/#\\\/schema\\\/person\\\/afe17dcd381fc79498b26d1e5f56994f\"},\"headline\":\"Heron Aviation bekommt Verst\u00e4rkung in der CAMO Abteilung\",\"datePublished\":\"2018-10-18T13:29:23+00:00\",\"dateModified\":\"2021-12-22T15:22:31+00:00\",\"mainEntityOfPage\":{\"@id\":\"https:\\\/\\\/www.heronaviation.com\\\/de\\\/heron-aviation-bekommt-verstaerkung-in-der-camo-abteilung\\\/\"},\"wordCount\":170,\"commentCount\":0,\"publisher\":{\"@id\":\"https:\\\/\\\/www.heronaviation.com\\\/de\\\/#organization\"},\"inLanguage\":\"de\",\"potentialAction\":[{\"@type\":\"CommentAction\",\"name\":\"Comment\",\"target\":[\"https:\\\/\\\/www.heronaviation.com\\\/de\\\/heron-aviation-bekommt-verstaerkung-in-der-camo-abteilung\\\/#respond\"]}]},{\"@type\":\"WebPage\",\"@id\":\"https:\\\/\\\/www.heronaviation.com\\\/de\\\/heron-aviation-bekommt-verstaerkung-in-der-camo-abteilung\\\/\",\"url\":\"https:\\\/\\\/www.heronaviation.com\\\/de\\\/heron-aviation-bekommt-verstaerkung-in-der-camo-abteilung\\\/\",\"name\":\"Heron Aviation bekommt Verst\u00e4rkung in der CAMO Abteilung - Heron Aviation\",\"isPartOf\":{\"@id\":\"https:\\\/\\\/www.heronaviation.com\\\/de\\\/#website\"},\"datePublished\":\"2018-10-18T13:29:23+00:00\",\"dateModified\":\"2021-12-22T15:22:31+00:00\",\"breadcrumb\":{\"@id\":\"https:\\\/\\\/www.heronaviation.com\\\/de\\\/heron-aviation-bekommt-verstaerkung-in-der-camo-abteilung\\\/#breadcrumb\"},\"inLanguage\":\"de\",\"potentialAction\":[{\"@type\":\"ReadAction\",\"target\":[\"https:\\\/\\\/www.heronaviation.com\\\/de\\\/heron-aviation-bekommt-verstaerkung-in-der-camo-abteilung\\\/\"]}]},{\"@type\":\"BreadcrumbList\",\"@id\":\"https:\\\/\\\/www.heronaviation.com\\\/de\\\/heron-aviation-bekommt-verstaerkung-in-der-camo-abteilung\\\/#breadcrumb\",\"itemListElement\":[{\"@type\":\"ListItem\",\"position\":1,\"name\":\"Startseite\",\"item\":\"https:\\\/\\\/www.heronaviation.com\\\/de\\\/\"},{\"@type\":\"ListItem\",\"position\":2,\"name\":\"Heron Aviation bekommt Verst\u00e4rkung in der CAMO Abteilung\"}]},{\"@type\":\"WebSite\",\"@id\":\"https:\\\/\\\/www.heronaviation.com\\\/de\\\/#website\",\"url\":\"https:\\\/\\\/www.heronaviation.com\\\/de\\\/\",\"name\":\"Heron Aviation\",\"description\":\"Discretion, Safety, Trust\",\"publisher\":{\"@id\":\"https:\\\/\\\/www.heronaviation.com\\\/de\\\/#organization\"},\"potentialAction\":[{\"@type\":\"SearchAction\",\"target\":{\"@type\":\"EntryPoint\",\"urlTemplate\":\"https:\\\/\\\/www.heronaviation.com\\\/de\\\/?s={search_term_string}\"},\"query-input\":{\"@type\":\"PropertyValueSpecification\",\"valueRequired\":true,\"valueName\":\"search_term_string\"}}],\"inLanguage\":\"de\"},{\"@type\":\"Organization\",\"@id\":\"https:\\\/\\\/www.heronaviation.com\\\/de\\\/#organization\",\"name\":\"Heron Aviation GmbH\",\"url\":\"https:\\\/\\\/www.heronaviation.com\\\/de\\\/\",\"logo\":{\"@type\":\"ImageObject\",\"inLanguage\":\"de\",\"@id\":\"https:\\\/\\\/www.heronaviation.com\\\/de\\\/#\\\/schema\\\/logo\\\/image\\\/\",\"url\":\"https:\\\/\\\/www.heronaviation.com\\\/wp-content\\\/uploads\\\/2021\\\/05\\\/cropped-Heron-Logo-Transparent-1.png\",\"contentUrl\":\"https:\\\/\\\/www.heronaviation.com\\\/wp-content\\\/uploads\\\/2021\\\/05\\\/cropped-Heron-Logo-Transparent-1.png\",\"width\":934,\"height\":267,\"caption\":\"Heron Aviation GmbH\"},\"image\":{\"@id\":\"https:\\\/\\\/www.heronaviation.com\\\/de\\\/#\\\/schema\\\/logo\\\/image\\\/\"}},{\"@type\":\"Person\",\"@id\":\"https:\\\/\\\/www.heronaviation.com\\\/de\\\/#\\\/schema\\\/person\\\/afe17dcd381fc79498b26d1e5f56994f\",\"name\":\"Heron Admin\",\"image\":{\"@type\":\"ImageObject\",\"inLanguage\":\"de\",\"@id\":\"https:\\\/\\\/secure.gravatar.com\\\/avatar\\\/a6c9f7a70916eec5226295696197c2a434bc66f450d617012933fb7ec1483980?s=96&d=mm&r=g\",\"url\":\"https:\\\/\\\/secure.gravatar.com\\\/avatar\\\/a6c9f7a70916eec5226295696197c2a434bc66f450d617012933fb7ec1483980?s=96&d=mm&r=g\",\"contentUrl\":\"https:\\\/\\\/secure.gravatar.com\\\/avatar\\\/a6c9f7a70916eec5226295696197c2a434bc66f450d617012933fb7ec1483980?s=96&d=mm&r=g\",\"caption\":\"Heron Admin\"}}]}<\/script>\n<!-- \/ Yoast SEO Premium plugin. -->","yoast_head_json":{"title":"Heron Aviation bekommt Verst\u00e4rkung in der CAMO Abteilung - Heron Aviation","robots":{"index":"index","follow":"follow","max-snippet":"max-snippet:-1","max-image-preview":"max-image-preview:large","max-video-preview":"max-video-preview:-1"},"canonical":"https:\/\/www.heronaviation.com\/de\/heron-aviation-bekommt-verstaerkung-in-der-camo-abteilung\/","og_locale":"de_DE","og_type":"article","og_title":"Heron Aviation bekommt Verst\u00e4rkung in der CAMO Abteilung","og_description":"Seit Oktober 2018 freut sich die Heron Aviation \u00fcber eine neue \u00fcber Verst\u00e4rkung \u00a0im Bereich CAMO. Mit dem Wachstum der Flotte, w\u00e4chst auch das Team. Crina\u00b4s Erfahrung wird die technische Abteilung von Heron dabei unterst\u00fctzen die Erf\u00fcllung von Kundenw\u00fcnschen in allen technischen Angelegenheiten \u00a0zu gew\u00e4hrleisten. Bevor Crina ins Heron Team kam, hat Sie Raumfahrttechnik an [&hellip;]","og_url":"https:\/\/www.heronaviation.com\/de\/heron-aviation-bekommt-verstaerkung-in-der-camo-abteilung\/","og_site_name":"Heron Aviation","article_published_time":"2018-10-18T13:29:23+00:00","article_modified_time":"2021-12-22T15:22:31+00:00","author":"Heron Admin","twitter_card":"summary_large_image","twitter_misc":{"Verfasst von":"Heron Admin","Gesch\u00e4tzte Lesezeit":"1\u00a0Minute"},"schema":{"@context":"https:\/\/schema.org","@graph":[{"@type":"Article","@id":"https:\/\/www.heronaviation.com\/de\/heron-aviation-bekommt-verstaerkung-in-der-camo-abteilung\/#article","isPartOf":{"@id":"https:\/\/www.heronaviation.com\/de\/heron-aviation-bekommt-verstaerkung-in-der-camo-abteilung\/"},"author":{"name":"Heron Admin","@id":"https:\/\/www.heronaviation.com\/de\/#\/schema\/person\/afe17dcd381fc79498b26d1e5f56994f"},"headline":"Heron Aviation bekommt Verst\u00e4rkung in der CAMO Abteilung","datePublished":"2018-10-18T13:29:23+00:00","dateModified":"2021-12-22T15:22:31+00:00","mainEntityOfPage":{"@id":"https:\/\/www.heronaviation.com\/de\/heron-aviation-bekommt-verstaerkung-in-der-camo-abteilung\/"},"wordCount":170,"commentCount":0,"publisher":{"@id":"https:\/\/www.heronaviation.com\/de\/#organization"},"inLanguage":"de","potentialAction":[{"@type":"CommentAction","name":"Comment","target":["https:\/\/www.heronaviation.com\/de\/heron-aviation-bekommt-verstaerkung-in-der-camo-abteilung\/#respond"]}]},{"@type":"WebPage","@id":"https:\/\/www.heronaviation.com\/de\/heron-aviation-bekommt-verstaerkung-in-der-camo-abteilung\/","url":"https:\/\/www.heronaviation.com\/de\/heron-aviation-bekommt-verstaerkung-in-der-camo-abteilung\/","name":"Heron Aviation bekommt Verst\u00e4rkung in der CAMO Abteilung - Heron Aviation","isPartOf":{"@id":"https:\/\/www.heronaviation.com\/de\/#website"},"datePublished":"2018-10-18T13:29:23+00:00","dateModified":"2021-12-22T15:22:31+00:00","breadcrumb":{"@id":"https:\/\/www.heronaviation.com\/de\/heron-aviation-bekommt-verstaerkung-in-der-camo-abteilung\/#breadcrumb"},"inLanguage":"de","potentialAction":[{"@type":"ReadAction","target":["https:\/\/www.heronaviation.com\/de\/heron-aviation-bekommt-verstaerkung-in-der-camo-abteilung\/"]}]},{"@type":"BreadcrumbList","@id":"https:\/\/www.heronaviation.com\/de\/heron-aviation-bekommt-verstaerkung-in-der-camo-abteilung\/#breadcrumb","itemListElement":[{"@type":"ListItem","position":1,"name":"Startseite","item":"https:\/\/www.heronaviation.com\/de\/"},{"@type":"ListItem","position":2,"name":"Heron Aviation bekommt Verst\u00e4rkung in der CAMO Abteilung"}]},{"@type":"WebSite","@id":"https:\/\/www.heronaviation.com\/de\/#website","url":"https:\/\/www.heronaviation.com\/de\/","name":"Heron Aviation","description":"Discretion, Safety, Trust","publisher":{"@id":"https:\/\/www.heronaviation.com\/de\/#organization"},"potentialAction":[{"@type":"SearchAction","target":{"@type":"EntryPoint","urlTemplate":"https:\/\/www.heronaviation.com\/de\/?s={search_term_string}"},"query-input":{"@type":"PropertyValueSpecification","valueRequired":true,"valueName":"search_term_string"}}],"inLanguage":"de"},{"@type":"Organization","@id":"https:\/\/www.heronaviation.com\/de\/#organization","name":"Heron Aviation GmbH","url":"https:\/\/www.heronaviation.com\/de\/","logo":{"@type":"ImageObject","inLanguage":"de","@id":"https:\/\/www.heronaviation.com\/de\/#\/schema\/logo\/image\/","url":"https:\/\/www.heronaviation.com\/wp-content\/uploads\/2021\/05\/cropped-Heron-Logo-Transparent-1.png","contentUrl":"https:\/\/www.heronaviation.com\/wp-content\/uploads\/2021\/05\/cropped-Heron-Logo-Transparent-1.png","width":934,"height":267,"caption":"Heron Aviation GmbH"},"image":{"@id":"https:\/\/www.heronaviation.com\/de\/#\/schema\/logo\/image\/"}},{"@type":"Person","@id":"https:\/\/www.heronaviation.com\/de\/#\/schema\/person\/afe17dcd381fc79498b26d1e5f56994f","name":"Heron Admin","image":{"@type":"ImageObject","inLanguage":"de","@id":"https:\/\/secure.gravatar.com\/avatar\/a6c9f7a70916eec5226295696197c2a434bc66f450d617012933fb7ec1483980?s=96&d=mm&r=g","url":"https:\/\/secure.gravatar.com\/avatar\/a6c9f7a70916eec5226295696197c2a434bc66f450d617012933fb7ec1483980?s=96&d=mm&r=g","contentUrl":"https:\/\/secure.gravatar.com\/avatar\/a6c9f7a70916eec5226295696197c2a434bc66f450d617012933fb7ec1483980?s=96&d=mm&r=g","caption":"Heron Admin"}}]}},"_links":{"self":[{"href":"https:\/\/www.heronaviation.com\/de\/wp-json\/wp\/v2\/posts\/7547","targetHints":{"allow":["GET"]}}],"collection":[{"href":"https:\/\/www.heronaviation.com\/de\/wp-json\/wp\/v2\/posts"}],"about":[{"href":"https:\/\/www.heronaviation.com\/de\/wp-json\/wp\/v2\/types\/post"}],"author":[{"embeddable":true,"href":"https:\/\/www.heronaviation.com\/de\/wp-json\/wp\/v2\/users\/9"}],"replies":[{"embeddable":true,"href":"https:\/\/www.heronaviation.com\/de\/wp-json\/wp\/v2\/comments?post=7547"}],"version-history":[{"count":0,"href":"https:\/\/www.heronaviation.com\/de\/wp-json\/wp\/v2\/posts\/7547\/revisions"}],"wp:attachment":[{"href":"https:\/\/www.heronaviation.com\/de\/wp-json\/wp\/v2\/media?parent=7547"}],"wp:term":[{"taxonomy":"category","embeddable":true,"href":"https:\/\/www.heronaviation.com\/de\/wp-json\/wp\/v2\/categories?post=7547"},{"taxonomy":"post_tag","embeddable":true,"href":"https:\/\/www.heronaviation.com\/de\/wp-json\/wp\/v2\/tags?post=7547"}],"curies":[{"name":"wp","href":"https:\/\/api.w.org\/{rel}","templated":true}]}}