{"id":7554,"date":"2019-08-15T08:38:18","date_gmt":"2019-08-15T06:38:18","guid":{"rendered":"https:\/\/www.heronaviation.com\/heron-aviation-gibt-stolz-bekannt-dass-die-iberische-flotte-erweitert-wurde\/"},"modified":"2021-12-22T16:21:50","modified_gmt":"2021-12-22T15:21:50","slug":"heron-aviation-gibt-stolz-bekannt-dass-die-iberische-flotte-erweitert-wurde","status":"publish","type":"post","link":"https:\/\/www.heronaviation.com\/de\/heron-aviation-gibt-stolz-bekannt-dass-die-iberische-flotte-erweitert-wurde\/","title":{"rendered":"Heron Aviation gibt stolz bekannt, dass die iberische Flotte erweitert wurde"},"content":{"rendered":"<p>&nbsp;<\/p>\n<p><strong>Heron Aviation<\/strong> f\u00fchlt sich geehrt, die <strong>Erweiterung ihres AOC<\/strong> mit der Einf\u00fchrung einer neuen, in Spanien registrierten<strong> Citation Mustang<\/strong> bekannt zu geben. Der Mustang 2009, komplett mit High Sierra Interieur in limitierter Auflage, wurde unter der spanischen Registrierung <strong>EC-LCX<\/strong> in Betrieb genommen. In enger Zusammenarbeit mit dem Luftfahrtbundesamt wurde die Registrierung des Flugzeugs am 09. August 2019 offiziell genehmigt.<\/p>\n<p><strong>EC-LCX<\/strong> ist das erste Flugzeug, dass gem\u00e4\u00df ICAO Artikel 83 in das AOC von Heron aufgenommen wurde. Dieser wurde von den jeweiligen nationalen Beh\u00f6rden Deutschlands und Spaniens im Dezember 2010 vertraglich ausgearbeitet und vereinbart. Heron freut sich, die in diesem Prozess gesammelten Erfahrungen und Beziehungen auch zuk\u00fcnftigen Kunden zur Verf\u00fcgung zu stellen.<\/p>\n<p>Mit einer Heimatbasis in Nordspanien und der un\u00fcbertroffenen Wirtschaftlichkeit der Citation-Flotte ist EC-LCX die beste Wahl f\u00fcr dringende Gesch\u00e4ftsreisen oder das Mittelmeerwochenende. Mit einer Reichweite von \u00fcber 1.800 Kilometern und einer Reisegeschwindigkeit von \u00fcber 600 km\/h ist fast ganz Europa nur einen kurzen, komfortablen Sprung entfernt.<\/p>\n<p>Das Flugzeug wird die Pr\u00e4senz von Heron Aviation im Mittelmeerraum deutlich ausbauen und unterstreicht gleichzeitig die Expansion des Unternehmens nach S\u00fcdeuropa mit <strong>Heron Aviation Espa\u00f1a<\/strong>. Die neue spanische Tochtergesellschaft mit Sitz in Madrid unter der Leitung von<strong> Herr<\/strong> <strong>Jos\u00e9 Manuel P\u00e9rez de la Cruz<\/strong> wird alle Vertriebs- und Marketingaktivit\u00e4ten f\u00fcr den Mustang <strong>EC-LCX<\/strong> mit <strong>24\/7 Verf\u00fcgbarkeit<\/strong> und der Pr\u00e4senz in einer der wichtigsten St\u00e4dte in S\u00fcdeuropa leiten.<\/p>\n<p>Diese Erweiterung kennzeichnet die Vielfalt des Flottenwachstums von Heron Aviation, welche Flugzeuge in allen Gr\u00f6\u00dfen und Einsatzbereichen anbietet. Mit technischem und operativem Wissen bringt Heron Aviation mit einem erfrischend kundenorientierten Ansatz und einem jungen, internationalen Team weiterhin Kompetenzen auf den Markt die genutzt werden k\u00f6nnen.<\/p>\n<p><strong>Heron Aviation<\/strong> mit Sitz in S\u00fcddeutschland ist ein Unternehmen f\u00fcr Flugzeugmanagement und Gesch\u00e4ftsluftfahrt, dass sich f\u00fcr die einwandfreien Umsetzung der Flugzeug Operation einsetzt. Wir sch\u00e4tzen das Vertrauen unserer Kunden in unsere Arbeit und halten uns an die h\u00f6chsten Standards an Zuverl\u00e4ssigkeit, Sicherheit und Diskretion.\u00a0 Unser kundenorientiertes Managementmodell vereinfacht die komplexen Variablen und Agenden, die der Betrieb eines Flugzeugs mit sich bringt und \u00fcberl\u00e4sst unseren Kunden die reine Freude am Eigentum.<\/p>\n<p>F\u00fcr alle Charter- oder Flugzeugmanagementanfragen kontaktieren Sie uns bitte unter <a href=\"mailto:sales@heronaviation.com\">sales@heronaviation.com<\/a>.<\/p>\n","protected":false},"excerpt":{"rendered":"<p>&nbsp; Heron Aviation f\u00fchlt sich geehrt, die Erweiterung ihres AOC mit der Einf\u00fchrung einer neuen, in Spanien registrierten Citation Mustang bekannt zu geben. Der Mustang 2009, komplett mit High Sierra Interieur in limitierter Auflage, wurde unter der spanischen Registrierung EC-LCX in Betrieb genommen. In enger Zusammenarbeit mit dem Luftfahrtbundesamt wurde die Registrierung des Flugzeugs am [&hellip;]<\/p>\n","protected":false},"author":9,"featured_media":0,"comment_status":"open","ping_status":"open","sticky":false,"template":"","format":"standard","meta":{"_acf_changed":false,"footnotes":""},"categories":[1],"tags":[],"class_list":["post-7554","post","type-post","status-publish","format-standard","hentry","category-allgemein"],"acf":[],"yoast_head":"<!-- This site is optimized with the Yoast SEO Premium plugin v25.9 (Yoast SEO v27.5) - https:\/\/yoast.com\/product\/yoast-seo-premium-wordpress\/ -->\n<title>Heron Aviation gibt stolz bekannt, dass die iberische Flotte erweitert wurde - Heron Aviation<\/title>\n<meta name=\"robots\" content=\"index, follow, max-snippet:-1, max-image-preview:large, max-video-preview:-1\" \/>\n<link rel=\"canonical\" href=\"https:\/\/www.heronaviation.com\/de\/heron-aviation-gibt-stolz-bekannt-dass-die-iberische-flotte-erweitert-wurde\/\" \/>\n<meta property=\"og:locale\" content=\"de_DE\" \/>\n<meta property=\"og:type\" content=\"article\" \/>\n<meta property=\"og:title\" content=\"Heron Aviation gibt stolz bekannt, dass die iberische Flotte erweitert wurde\" \/>\n<meta property=\"og:description\" content=\"&nbsp; Heron Aviation f\u00fchlt sich geehrt, die Erweiterung ihres AOC mit der Einf\u00fchrung einer neuen, in Spanien registrierten Citation Mustang bekannt zu geben. Der Mustang 2009, komplett mit High Sierra Interieur in limitierter Auflage, wurde unter der spanischen Registrierung EC-LCX in Betrieb genommen. In enger Zusammenarbeit mit dem Luftfahrtbundesamt wurde die Registrierung des Flugzeugs am [&hellip;]\" \/>\n<meta property=\"og:url\" content=\"https:\/\/www.heronaviation.com\/de\/heron-aviation-gibt-stolz-bekannt-dass-die-iberische-flotte-erweitert-wurde\/\" \/>\n<meta property=\"og:site_name\" content=\"Heron Aviation\" \/>\n<meta property=\"article:published_time\" content=\"2019-08-15T06:38:18+00:00\" \/>\n<meta property=\"article:modified_time\" content=\"2021-12-22T15:21:50+00:00\" \/>\n<meta name=\"author\" content=\"Heron Admin\" \/>\n<meta name=\"twitter:card\" content=\"summary_large_image\" \/>\n<meta name=\"twitter:label1\" content=\"Verfasst von\" \/>\n\t<meta name=\"twitter:data1\" content=\"Heron Admin\" \/>\n\t<meta name=\"twitter:label2\" content=\"Gesch\u00e4tzte Lesezeit\" \/>\n\t<meta name=\"twitter:data2\" content=\"2\u00a0Minuten\" \/>\n<script type=\"application\/ld+json\" class=\"yoast-schema-graph\">{\"@context\":\"https:\\\/\\\/schema.org\",\"@graph\":[{\"@type\":\"Article\",\"@id\":\"https:\\\/\\\/www.heronaviation.com\\\/de\\\/heron-aviation-gibt-stolz-bekannt-dass-die-iberische-flotte-erweitert-wurde\\\/#article\",\"isPartOf\":{\"@id\":\"https:\\\/\\\/www.heronaviation.com\\\/de\\\/heron-aviation-gibt-stolz-bekannt-dass-die-iberische-flotte-erweitert-wurde\\\/\"},\"author\":{\"name\":\"Heron Admin\",\"@id\":\"https:\\\/\\\/www.heronaviation.com\\\/de\\\/#\\\/schema\\\/person\\\/afe17dcd381fc79498b26d1e5f56994f\"},\"headline\":\"Heron Aviation gibt stolz bekannt, dass die iberische Flotte erweitert wurde\",\"datePublished\":\"2019-08-15T06:38:18+00:00\",\"dateModified\":\"2021-12-22T15:21:50+00:00\",\"mainEntityOfPage\":{\"@id\":\"https:\\\/\\\/www.heronaviation.com\\\/de\\\/heron-aviation-gibt-stolz-bekannt-dass-die-iberische-flotte-erweitert-wurde\\\/\"},\"wordCount\":386,\"commentCount\":0,\"publisher\":{\"@id\":\"https:\\\/\\\/www.heronaviation.com\\\/de\\\/#organization\"},\"inLanguage\":\"de\",\"potentialAction\":[{\"@type\":\"CommentAction\",\"name\":\"Comment\",\"target\":[\"https:\\\/\\\/www.heronaviation.com\\\/de\\\/heron-aviation-gibt-stolz-bekannt-dass-die-iberische-flotte-erweitert-wurde\\\/#respond\"]}]},{\"@type\":\"WebPage\",\"@id\":\"https:\\\/\\\/www.heronaviation.com\\\/de\\\/heron-aviation-gibt-stolz-bekannt-dass-die-iberische-flotte-erweitert-wurde\\\/\",\"url\":\"https:\\\/\\\/www.heronaviation.com\\\/de\\\/heron-aviation-gibt-stolz-bekannt-dass-die-iberische-flotte-erweitert-wurde\\\/\",\"name\":\"Heron Aviation gibt stolz bekannt, dass die iberische Flotte erweitert wurde - Heron Aviation\",\"isPartOf\":{\"@id\":\"https:\\\/\\\/www.heronaviation.com\\\/de\\\/#website\"},\"datePublished\":\"2019-08-15T06:38:18+00:00\",\"dateModified\":\"2021-12-22T15:21:50+00:00\",\"breadcrumb\":{\"@id\":\"https:\\\/\\\/www.heronaviation.com\\\/de\\\/heron-aviation-gibt-stolz-bekannt-dass-die-iberische-flotte-erweitert-wurde\\\/#breadcrumb\"},\"inLanguage\":\"de\",\"potentialAction\":[{\"@type\":\"ReadAction\",\"target\":[\"https:\\\/\\\/www.heronaviation.com\\\/de\\\/heron-aviation-gibt-stolz-bekannt-dass-die-iberische-flotte-erweitert-wurde\\\/\"]}]},{\"@type\":\"BreadcrumbList\",\"@id\":\"https:\\\/\\\/www.heronaviation.com\\\/de\\\/heron-aviation-gibt-stolz-bekannt-dass-die-iberische-flotte-erweitert-wurde\\\/#breadcrumb\",\"itemListElement\":[{\"@type\":\"ListItem\",\"position\":1,\"name\":\"Startseite\",\"item\":\"https:\\\/\\\/www.heronaviation.com\\\/de\\\/\"},{\"@type\":\"ListItem\",\"position\":2,\"name\":\"Heron Aviation gibt stolz bekannt, dass die iberische Flotte erweitert wurde\"}]},{\"@type\":\"WebSite\",\"@id\":\"https:\\\/\\\/www.heronaviation.com\\\/de\\\/#website\",\"url\":\"https:\\\/\\\/www.heronaviation.com\\\/de\\\/\",\"name\":\"Heron Aviation\",\"description\":\"Discretion, Safety, Trust\",\"publisher\":{\"@id\":\"https:\\\/\\\/www.heronaviation.com\\\/de\\\/#organization\"},\"potentialAction\":[{\"@type\":\"SearchAction\",\"target\":{\"@type\":\"EntryPoint\",\"urlTemplate\":\"https:\\\/\\\/www.heronaviation.com\\\/de\\\/?s={search_term_string}\"},\"query-input\":{\"@type\":\"PropertyValueSpecification\",\"valueRequired\":true,\"valueName\":\"search_term_string\"}}],\"inLanguage\":\"de\"},{\"@type\":\"Organization\",\"@id\":\"https:\\\/\\\/www.heronaviation.com\\\/de\\\/#organization\",\"name\":\"Heron Aviation GmbH\",\"url\":\"https:\\\/\\\/www.heronaviation.com\\\/de\\\/\",\"logo\":{\"@type\":\"ImageObject\",\"inLanguage\":\"de\",\"@id\":\"https:\\\/\\\/www.heronaviation.com\\\/de\\\/#\\\/schema\\\/logo\\\/image\\\/\",\"url\":\"https:\\\/\\\/www.heronaviation.com\\\/wp-content\\\/uploads\\\/2021\\\/05\\\/cropped-Heron-Logo-Transparent-1.png\",\"contentUrl\":\"https:\\\/\\\/www.heronaviation.com\\\/wp-content\\\/uploads\\\/2021\\\/05\\\/cropped-Heron-Logo-Transparent-1.png\",\"width\":934,\"height\":267,\"caption\":\"Heron Aviation GmbH\"},\"image\":{\"@id\":\"https:\\\/\\\/www.heronaviation.com\\\/de\\\/#\\\/schema\\\/logo\\\/image\\\/\"}},{\"@type\":\"Person\",\"@id\":\"https:\\\/\\\/www.heronaviation.com\\\/de\\\/#\\\/schema\\\/person\\\/afe17dcd381fc79498b26d1e5f56994f\",\"name\":\"Heron Admin\",\"image\":{\"@type\":\"ImageObject\",\"inLanguage\":\"de\",\"@id\":\"https:\\\/\\\/secure.gravatar.com\\\/avatar\\\/a6c9f7a70916eec5226295696197c2a434bc66f450d617012933fb7ec1483980?s=96&d=mm&r=g\",\"url\":\"https:\\\/\\\/secure.gravatar.com\\\/avatar\\\/a6c9f7a70916eec5226295696197c2a434bc66f450d617012933fb7ec1483980?s=96&d=mm&r=g\",\"contentUrl\":\"https:\\\/\\\/secure.gravatar.com\\\/avatar\\\/a6c9f7a70916eec5226295696197c2a434bc66f450d617012933fb7ec1483980?s=96&d=mm&r=g\",\"caption\":\"Heron Admin\"}}]}<\/script>\n<!-- \/ Yoast SEO Premium plugin. -->","yoast_head_json":{"title":"Heron Aviation gibt stolz bekannt, dass die iberische Flotte erweitert wurde - Heron Aviation","robots":{"index":"index","follow":"follow","max-snippet":"max-snippet:-1","max-image-preview":"max-image-preview:large","max-video-preview":"max-video-preview:-1"},"canonical":"https:\/\/www.heronaviation.com\/de\/heron-aviation-gibt-stolz-bekannt-dass-die-iberische-flotte-erweitert-wurde\/","og_locale":"de_DE","og_type":"article","og_title":"Heron Aviation gibt stolz bekannt, dass die iberische Flotte erweitert wurde","og_description":"&nbsp; Heron Aviation f\u00fchlt sich geehrt, die Erweiterung ihres AOC mit der Einf\u00fchrung einer neuen, in Spanien registrierten Citation Mustang bekannt zu geben. Der Mustang 2009, komplett mit High Sierra Interieur in limitierter Auflage, wurde unter der spanischen Registrierung EC-LCX in Betrieb genommen. In enger Zusammenarbeit mit dem Luftfahrtbundesamt wurde die Registrierung des Flugzeugs am [&hellip;]","og_url":"https:\/\/www.heronaviation.com\/de\/heron-aviation-gibt-stolz-bekannt-dass-die-iberische-flotte-erweitert-wurde\/","og_site_name":"Heron Aviation","article_published_time":"2019-08-15T06:38:18+00:00","article_modified_time":"2021-12-22T15:21:50+00:00","author":"Heron Admin","twitter_card":"summary_large_image","twitter_misc":{"Verfasst von":"Heron Admin","Gesch\u00e4tzte Lesezeit":"2\u00a0Minuten"},"schema":{"@context":"https:\/\/schema.org","@graph":[{"@type":"Article","@id":"https:\/\/www.heronaviation.com\/de\/heron-aviation-gibt-stolz-bekannt-dass-die-iberische-flotte-erweitert-wurde\/#article","isPartOf":{"@id":"https:\/\/www.heronaviation.com\/de\/heron-aviation-gibt-stolz-bekannt-dass-die-iberische-flotte-erweitert-wurde\/"},"author":{"name":"Heron Admin","@id":"https:\/\/www.heronaviation.com\/de\/#\/schema\/person\/afe17dcd381fc79498b26d1e5f56994f"},"headline":"Heron Aviation gibt stolz bekannt, dass die iberische Flotte erweitert wurde","datePublished":"2019-08-15T06:38:18+00:00","dateModified":"2021-12-22T15:21:50+00:00","mainEntityOfPage":{"@id":"https:\/\/www.heronaviation.com\/de\/heron-aviation-gibt-stolz-bekannt-dass-die-iberische-flotte-erweitert-wurde\/"},"wordCount":386,"commentCount":0,"publisher":{"@id":"https:\/\/www.heronaviation.com\/de\/#organization"},"inLanguage":"de","potentialAction":[{"@type":"CommentAction","name":"Comment","target":["https:\/\/www.heronaviation.com\/de\/heron-aviation-gibt-stolz-bekannt-dass-die-iberische-flotte-erweitert-wurde\/#respond"]}]},{"@type":"WebPage","@id":"https:\/\/www.heronaviation.com\/de\/heron-aviation-gibt-stolz-bekannt-dass-die-iberische-flotte-erweitert-wurde\/","url":"https:\/\/www.heronaviation.com\/de\/heron-aviation-gibt-stolz-bekannt-dass-die-iberische-flotte-erweitert-wurde\/","name":"Heron Aviation gibt stolz bekannt, dass die iberische Flotte erweitert wurde - Heron Aviation","isPartOf":{"@id":"https:\/\/www.heronaviation.com\/de\/#website"},"datePublished":"2019-08-15T06:38:18+00:00","dateModified":"2021-12-22T15:21:50+00:00","breadcrumb":{"@id":"https:\/\/www.heronaviation.com\/de\/heron-aviation-gibt-stolz-bekannt-dass-die-iberische-flotte-erweitert-wurde\/#breadcrumb"},"inLanguage":"de","potentialAction":[{"@type":"ReadAction","target":["https:\/\/www.heronaviation.com\/de\/heron-aviation-gibt-stolz-bekannt-dass-die-iberische-flotte-erweitert-wurde\/"]}]},{"@type":"BreadcrumbList","@id":"https:\/\/www.heronaviation.com\/de\/heron-aviation-gibt-stolz-bekannt-dass-die-iberische-flotte-erweitert-wurde\/#breadcrumb","itemListElement":[{"@type":"ListItem","position":1,"name":"Startseite","item":"https:\/\/www.heronaviation.com\/de\/"},{"@type":"ListItem","position":2,"name":"Heron Aviation gibt stolz bekannt, dass die iberische Flotte erweitert wurde"}]},{"@type":"WebSite","@id":"https:\/\/www.heronaviation.com\/de\/#website","url":"https:\/\/www.heronaviation.com\/de\/","name":"Heron Aviation","description":"Discretion, Safety, Trust","publisher":{"@id":"https:\/\/www.heronaviation.com\/de\/#organization"},"potentialAction":[{"@type":"SearchAction","target":{"@type":"EntryPoint","urlTemplate":"https:\/\/www.heronaviation.com\/de\/?s={search_term_string}"},"query-input":{"@type":"PropertyValueSpecification","valueRequired":true,"valueName":"search_term_string"}}],"inLanguage":"de"},{"@type":"Organization","@id":"https:\/\/www.heronaviation.com\/de\/#organization","name":"Heron Aviation GmbH","url":"https:\/\/www.heronaviation.com\/de\/","logo":{"@type":"ImageObject","inLanguage":"de","@id":"https:\/\/www.heronaviation.com\/de\/#\/schema\/logo\/image\/","url":"https:\/\/www.heronaviation.com\/wp-content\/uploads\/2021\/05\/cropped-Heron-Logo-Transparent-1.png","contentUrl":"https:\/\/www.heronaviation.com\/wp-content\/uploads\/2021\/05\/cropped-Heron-Logo-Transparent-1.png","width":934,"height":267,"caption":"Heron Aviation GmbH"},"image":{"@id":"https:\/\/www.heronaviation.com\/de\/#\/schema\/logo\/image\/"}},{"@type":"Person","@id":"https:\/\/www.heronaviation.com\/de\/#\/schema\/person\/afe17dcd381fc79498b26d1e5f56994f","name":"Heron Admin","image":{"@type":"ImageObject","inLanguage":"de","@id":"https:\/\/secure.gravatar.com\/avatar\/a6c9f7a70916eec5226295696197c2a434bc66f450d617012933fb7ec1483980?s=96&d=mm&r=g","url":"https:\/\/secure.gravatar.com\/avatar\/a6c9f7a70916eec5226295696197c2a434bc66f450d617012933fb7ec1483980?s=96&d=mm&r=g","contentUrl":"https:\/\/secure.gravatar.com\/avatar\/a6c9f7a70916eec5226295696197c2a434bc66f450d617012933fb7ec1483980?s=96&d=mm&r=g","caption":"Heron Admin"}}]}},"_links":{"self":[{"href":"https:\/\/www.heronaviation.com\/de\/wp-json\/wp\/v2\/posts\/7554","targetHints":{"allow":["GET"]}}],"collection":[{"href":"https:\/\/www.heronaviation.com\/de\/wp-json\/wp\/v2\/posts"}],"about":[{"href":"https:\/\/www.heronaviation.com\/de\/wp-json\/wp\/v2\/types\/post"}],"author":[{"embeddable":true,"href":"https:\/\/www.heronaviation.com\/de\/wp-json\/wp\/v2\/users\/9"}],"replies":[{"embeddable":true,"href":"https:\/\/www.heronaviation.com\/de\/wp-json\/wp\/v2\/comments?post=7554"}],"version-history":[{"count":0,"href":"https:\/\/www.heronaviation.com\/de\/wp-json\/wp\/v2\/posts\/7554\/revisions"}],"wp:attachment":[{"href":"https:\/\/www.heronaviation.com\/de\/wp-json\/wp\/v2\/media?parent=7554"}],"wp:term":[{"taxonomy":"category","embeddable":true,"href":"https:\/\/www.heronaviation.com\/de\/wp-json\/wp\/v2\/categories?post=7554"},{"taxonomy":"post_tag","embeddable":true,"href":"https:\/\/www.heronaviation.com\/de\/wp-json\/wp\/v2\/tags?post=7554"}],"curies":[{"name":"wp","href":"https:\/\/api.w.org\/{rel}","templated":true}]}}