{"id":9720,"date":"2023-02-15T15:35:50","date_gmt":"2023-02-15T14:35:50","guid":{"rendered":"https:\/\/www.heronaviation.com\/?p=9720"},"modified":"2023-02-16T13:33:02","modified_gmt":"2023-02-16T12:33:02","slug":"karneval-in-rio-de-janeiro-brasilien-17-22-februar-2023","status":"publish","type":"post","link":"https:\/\/www.heronaviation.com\/de\/karneval-in-rio-de-janeiro-brasilien-17-22-februar-2023\/","title":{"rendered":"Karneval in Rio de Janeiro, Brasilien, 17. &#8211; 22. Februar 2023"},"content":{"rendered":"\t\t<div data-elementor-type=\"wp-post\" data-elementor-id=\"9720\" class=\"elementor elementor-9720\" data-elementor-post-type=\"post\">\n\t\t\t\t\t\t<section class=\"elementor-section elementor-top-section elementor-element elementor-element-4ef6cfad elementor-section-boxed elementor-section-height-default elementor-section-height-default\" data-id=\"4ef6cfad\" data-element_type=\"section\" data-settings=\"{&quot;jet_parallax_layout_list&quot;:[]}\">\n\t\t\t\t\t\t<div class=\"elementor-container elementor-column-gap-default\">\n\t\t\t\t\t<div class=\"elementor-column elementor-col-100 elementor-top-column elementor-element elementor-element-52b5a4b1\" data-id=\"52b5a4b1\" data-element_type=\"column\">\n\t\t\t<div class=\"elementor-widget-wrap elementor-element-populated\">\n\t\t\t\t\t\t<div class=\"elementor-element elementor-element-36f8b3e2 elementor-widget elementor-widget-text-editor\" data-id=\"36f8b3e2\" data-element_type=\"widget\" data-widget_type=\"text-editor.default\">\n\t\t\t\t<div class=\"elementor-widget-container\">\n\t\t\t\t\t\t\t\t\t<p>Wer kennt ihn nicht \u2013 den ber\u00fchmten Karneval in Rio de Janeiro <em><strong>(carnaval do Rio oder carnaval carioca)<\/strong><\/em>, der Stadt des Zuckerhuts, der Copacabana und der Ipanema. Dieser findet interessanterweise zeitgleich mit dem K\u00f6lner Karneval statt. Am Freitag vor Aschermittwoch ab 18:00 beginnen diese Feierlichkeiten, welche zu den gr\u00f6\u00dften und farbenpr\u00e4chtigsten Festen der Welt z\u00e4hlen. Die lautstarken und farbenpr\u00e4chtigen Paraden ziehen bis in die fr\u00fchen Morgenstunden durch Rio. 1840 wurde zuerst mit Polka und Walzer der erste Karneval gefeiert, bevor die Samba den Einzug erhielt. Heute sind das Tourismusb\u00fcro sowie die \u201eunabh\u00e4ngige Liga der Sambaschulen\u201c<em><strong> (Liga Independente das Escolas de Samba do Rio de Janeiro, kurz: LIESA)<\/strong><\/em> f\u00fcr die Organisation, Koordination und Vermarktung dieses Events verantwortlich. <br>Ausgehend von diesen 50 brasilianischen Sambaschulen (<em><strong>Escolas de Samba<\/strong><\/em>) werden, das jeweilige Thema, die Dekoration der bunt geschm\u00fcckten Festw\u00e4gen, sowie die der pr\u00e4chtigen atemberaubenden Kost\u00fcme, aufeinander abgestimmt. Dementsprechend orientiert sich auch der Rhythmus, das Zusammenspiel der Gruppe sowie die Choreografie. Die Kosten f\u00fcr diese wundersch\u00f6nen Kost\u00fcme&nbsp; <em><strong>\u201efantasias\u201c<\/strong><\/em>, welche nur ein paar Stunden getragen werden, m\u00fcssen sich die Teilnehmer meistens durch harte Arbeit selbst finanzieren. Jede Sambaschule pr\u00e4sentiert sich nur mit einem einzigen Song. Zwischen 65 \u2013 82 Minuten haben die teilnehmenden Gruppen im gegenseitigen Wettkampf Zeit sich zu pr\u00e4sentieren. Jede Unter- oder \u00dcberschreitung kostet wertvolle Punkte. Die Reihenfolge wird per Los entschieden. Jedoch aufgepasst, die unbestechliche Jury beurteilt die diversen Darbietungen hinsichtlich Kost\u00fcme, Rhythmus und Trommelwirbel im Einklang zum Tanz. Diese Bewertung ist sehr streng und jeder kleiner Fehler wird bereits mit Punktabzug bestraft. Der H\u00f6hepunkt ist der Karnevalssonntag und -montag. Die zw\u00f6lf besten Sambaschulen der ersten Liga mit jeweils 3.000 bis 5.000 Teilnehmern werden jeweils in 40 Gruppen mit 5 &#8211; 8 Festw\u00e4gen eingeteilt. Am Aschermittwoch wird die beste Sambaschule des Karnevals in Rio pr\u00e4miert. Ein spektakul\u00e4res Ereignis mit Feuerwerk und Siegesfeier. Diese wird auch bei uns im Fernsehen \u00fcbertragen. Diese Fernsehrechte und die Einnahmen von Plattenfirmen sind eine gro\u00dfe Einnahmequelle f\u00fcr die Sambaschulen. Denn auch hier gilt, nach dem Karneval 2023 ist vor dem Karneval 2024. Bereits ab November wird wieder flei\u00dfig gefeiert und geprobt. Wiederum werden hier abermals tausende helfende H\u00e4nde gebraucht. Finanziert wird der Karneval in Rio gr\u00f6\u00dftenteils von privaten Sponsoren.<\/p>\n<ul>\n<li><em><strong>Die Geschichte des Karnevals<\/strong><\/em><\/li>\n<\/ul>\n<p style=\"padding-left: 40px;\">Vermutlich wurde diese Art des Karnevals schon im 17. Jh. von den Portugiesen nach Brasilien gebracht. Bereits damals feierten die Menschen ausgelassen die letzten Tage, bevor die Fastenzeit anfing. Zuerst als ausgelassenes und ausartendes Treiben auf den Stra\u00dfen, mausert sich diese Tradition ab 1840 zum Fest des B\u00fcrgertums. Veranstaltungen fanden zun\u00e4chst in noblen Ballh\u00e4usern statt, bevor 1928 die erste Sambaschule <em><strong>Mangueira<\/strong> <\/em>entstand. Bereits sieben Jahre sp\u00e4ter fanden die ersten 1,7 km langen Umz\u00fcge statt.<\/p>\n<p style=\"padding-left: 40px;\">2006 wurde die sogenannte Sambastadt er\u00f6ffnet. Hier k\u00f6nnen die Sambaschulen ihre pr\u00e4chtigen Festwagen bauen. Als mittlerweile Fulltimejob bereiten sich die T\u00e4nzerinnen und Musiker das ganze Jahr \u00fcber auf diesen einen gro\u00dfen Auftritt vor.<\/p>\n<p style=\"padding-left: 40px;\">W\u00e4hrend in anderen Gegenden von Brasilien die Wiederbelebung des popul\u00e4ren Stra\u00dfenkarnevals von statten ging, blieben in Rio de Janeiro die traditionellen Salon- und Clubkarneval und vor allem die organisierten Umz\u00fcge der Sambaschulen weiter dominierend.<\/p>\n<ul>\n<li><em><strong>Die Entstehung der Samba-Rhythmen<\/strong><\/em><\/li>\n<\/ul>\n<p style=\"padding-left: 40px;\">Der erste Karnevalsclub wurde auch von einem Portugiesen, Jos\u00e9 Nogueira Paredes gegr\u00fcndet. Es sollte f\u00fcr jeden Laien im Club m\u00f6glich sein auf einer Trommel denselben Rhythmus zu spielen, damit ein einheitlicher Klang entsteht. Unter der Regierung Get\u00falio Vargas wurde der Samba 1934 zum offiziellen Tanz des Karnevals erkl\u00e4rt.<\/p>\n<ul>\n<li><em><strong>Samb\u00f3dromo \u2013 Herzst\u00fcck des ber\u00fchmten Karnevals<\/strong><\/em><\/li>\n<\/ul>\n<p style=\"padding-left: 40px;\">Seit 1984 findet dieses Fest in der Karnevalsarena <strong><em>Samb\u00f3dromo da Marqu\u00eas de Sapuca\u00ed<\/em><\/strong> (daher oft kurz <em><strong>Sapuca\u00ed<\/strong> <\/em>genannt) statt. Sie ist eine gewaltige Trib\u00fcnenstra\u00dfe im Stadtteil Est\u00e1cio. Im Februar verwandelt sich dieser unscheinbare Bau in einen kochenden Hexenkessel aus Licht, Farben, Musik und Tanz. Verantwortlich hierf\u00fcr ist der weltweit bekannte brasilianische Architekt und Kurvenfan Oscar Niemeyer, welcher hierf\u00fcr die Pl\u00e4ne entworfen hatte. Diese \u201eKampfarena der Karnevalisten\u201c stellt eine 700 Meter lange Allee dar, bei dem am Ende ein \u00fcberdimensionales Tor als Ziel gesetzt ist. Im Alltag ein langweiliger Betonklotz, erwacht dieses Geb\u00e4ude im Februar f\u00fcr 4 N\u00e4chte zum Leben und l\u00e4sst den grauen Alltag vergessen. Obwohl diese \u201eArena\u201c Platz f\u00fcr 88.500 Karnevalbegeisterte bietet, ist es eigentlich jetzt schon zu klein. Jedoch steht es unter Denkmalschutz und darf daher baulich nicht ver\u00e4ndert werden.<\/p>\n<ul>\n<li><em><strong>Championsleague der Sambaschulen \u2013 Vergleich zum Fu\u00dfball<\/strong><\/em><\/li>\n<\/ul>\n<p style=\"padding-left: 40px;\">Der Karneval zeigt sehr viele Parallelen zum Fu\u00dfball. So sind die Teams die konkurrierenden Sambaschulen, welche sich auch durch die jeweiligen Farben f\u00fcr die Akteure und die Fans unterscheiden. Die Schulen sind in 4 Ligen aufgeteilt, die 12 besten in der <em><strong>Grupo Especial<\/strong><\/em>. Das Stadion ist das bereits zuvor beschriebene Samb\u00f3dromo. Die Spielstrategie ist das jeweils ausgew\u00e4hlte Thema. Dies kann eine Figur aus der Geschichte oder Literatur sein, ein anderes Land der Erde pr\u00e4sentieren, oder ein v\u00f6llig freies Motto. Bez\u00fcglich der Aufstellung ist die ber\u00fchmteste Position die der K\u00f6nigin der Rhythmusgruppe <strong><em>(rainha de bateria)<\/em><\/strong>, welche vor der Kapelle tanzt, oft eine Prominente aus Brasiliens Showbiz. Manchmal ist dies auch ein Karnevalspaar.<\/p>\n<ul>\n<li><strong><em>Die Brasilianer \u2013 die K\u00f6lner des S\u00fcdens<\/em><\/strong><\/li>\n<\/ul>\n<p style=\"padding-left: 40px;\">Zwar gibt es am Zuckerhut kein K\u00f6lsch, daf\u00fcr bewegt man sich hier wie in K\u00f6ln, sowohl fu\u00dfballerisch als auch karnevalistisch, auf allerh\u00f6chstem Niveau. Nicht umsonst gilt der Brasilianer als der K\u00f6lner des S\u00fcdens. Am Zuckerhut wie auch am Rhein ist der wahre Karneval jedoch der Volkskarneval, welcher auf den Stra\u00dfen und in kleinen Kneipen stattfindet und hat eigentlich denkbar wenig mit dem zu tun, was man aus dem Fernsehen kennt. Doch das Fernsehen ist ein wichtiger Imagetr\u00e4ger. So sind die Preise w\u00e4hrend der Karnevalszeit in K\u00f6ln und Rio vergleichbar hoch. Gelten in K\u00f6ln jedoch traditionelle Verkleidungen, gilt an der Copacabana weniger ist mehr, aber immer mit viel Glitzer, Federboas, enorme Juwelen, venezianische Masken und nat\u00fcrlich viel nahtlos gebr\u00e4unte Haut. Bei dem dort herrschenden sub\u00e4quatorialen Sommer ist das kein Wunder. Die Paraden werden im Gegensatz zu K\u00f6ln zwei Mal aufgef\u00fchrt und es werden auch keine Kamellen (S\u00fc\u00dfigkeiten) geworfen. \u00dcber Rio wacht Christus auf dem <b><i>Corcovado<\/i><\/b>, \u00fcber K\u00f6ln der Dom.<\/p>\n<p>&nbsp;&#8222;Tanze Samba mit mir, Samba, Samba die ganze Nacht.&nbsp;Tanze Samba mit mir, weil die Samba uns gl\u00fccklich macht&#8220; ist ein ber\u00fchmter deutscher Schlager anno 1978 gesungen von Tony Holiday.<\/p>\n<p><br>Viel nackte Haut, viel Glitzer, viel Samba \u2013 der Karneval in Rio de Janeiro erscheint so faszinierend aus der Ferne betrachtet. Aber es geht wie beim <b style=\"font-style: italic;\">Futebol <\/b>nicht allein um die Show, sondern ebenso um die Liebe der Fans. Um Leidenschaft. Um Lorbeeren.<\/p>\n<p style=\"padding-left: 40px;\">\n<\/p>\t\t\t\t\t\t\t\t<\/div>\n\t\t\t\t<\/div>\n\t\t\t\t\t<\/div>\n\t\t<\/div>\n\t\t\t\t\t<\/div>\n\t\t<\/section>\n\t\t\t\t<\/div>\n\t\t","protected":false},"excerpt":{"rendered":"<p>Wer kennt ihn nicht \u2013 den ber\u00fchmten Karneval in Rio de Janeiro (carnaval do Rio oder carnaval carioca), der Stadt des Zuckerhuts, der Copacabana und der Ipanema. Dieser findet interessanterweise zeitgleich mit dem K\u00f6lner Karneval statt. Am Freitag vor Aschermittwoch ab 18:00 beginnen diese Feierlichkeiten, welche zu den gr\u00f6\u00dften und farbenpr\u00e4chtigsten Festen der Welt z\u00e4hlen. [&hellip;]<\/p>\n","protected":false},"author":7,"featured_media":9715,"comment_status":"open","ping_status":"open","sticky":false,"template":"","format":"standard","meta":{"_acf_changed":false,"footnotes":""},"categories":[1],"tags":[],"class_list":["post-9720","post","type-post","status-publish","format-standard","has-post-thumbnail","hentry","category-allgemein"],"acf":[],"yoast_head":"<!-- This site is optimized with the Yoast SEO Premium plugin v25.9 (Yoast SEO v27.5) - https:\/\/yoast.com\/product\/yoast-seo-premium-wordpress\/ -->\n<title>Karneval in Rio de Janeiro, Brasilien, 17. - 22. Februar 2023 - Heron Aviation<\/title>\n<meta name=\"description\" content=\"Wer kennt ihn nicht \u2013 den ber\u00fchmten Karneval in Rio de Janeiro (carnaval do Rio oder carnaval carioca), Stadt des Zuckerhuts, der Copacabana\" \/>\n<meta name=\"robots\" content=\"index, follow, max-snippet:-1, max-image-preview:large, max-video-preview:-1\" \/>\n<link rel=\"canonical\" href=\"https:\/\/www.heronaviation.com\/de\/karneval-in-rio-de-janeiro-brasilien-17-22-februar-2023\/\" \/>\n<meta property=\"og:locale\" content=\"de_DE\" \/>\n<meta property=\"og:type\" content=\"article\" \/>\n<meta property=\"og:title\" content=\"Karneval in Rio de Janeiro, Brasilien, 17. - 22. Februar 2023\" \/>\n<meta property=\"og:description\" content=\"Wer kennt ihn nicht \u2013 den ber\u00fchmten Karneval in Rio de Janeiro (carnaval do Rio oder carnaval carioca), Stadt des Zuckerhuts, der Copacabana\" \/>\n<meta property=\"og:url\" content=\"https:\/\/www.heronaviation.com\/de\/karneval-in-rio-de-janeiro-brasilien-17-22-februar-2023\/\" \/>\n<meta property=\"og:site_name\" content=\"Heron Aviation\" \/>\n<meta property=\"article:published_time\" content=\"2023-02-15T14:35:50+00:00\" \/>\n<meta property=\"article:modified_time\" content=\"2023-02-16T12:33:02+00:00\" \/>\n<meta property=\"og:image\" content=\"https:\/\/www.heronaviation.com\/wp-content\/uploads\/2023\/02\/rio-de-janeiro-4965438_960_720.jpg\" \/>\n\t<meta property=\"og:image:width\" content=\"960\" \/>\n\t<meta property=\"og:image:height\" content=\"653\" \/>\n\t<meta property=\"og:image:type\" content=\"image\/jpeg\" \/>\n<meta name=\"author\" content=\"Iris B\u00e4umle\" \/>\n<meta name=\"twitter:card\" content=\"summary_large_image\" \/>\n<meta name=\"twitter:label1\" content=\"Verfasst von\" \/>\n\t<meta name=\"twitter:data1\" content=\"Iris B\u00e4umle\" \/>\n\t<meta name=\"twitter:label2\" content=\"Gesch\u00e4tzte Lesezeit\" \/>\n\t<meta name=\"twitter:data2\" content=\"6\u00a0Minuten\" \/>\n<script type=\"application\/ld+json\" class=\"yoast-schema-graph\">{\"@context\":\"https:\\\/\\\/schema.org\",\"@graph\":[{\"@type\":\"Article\",\"@id\":\"https:\\\/\\\/www.heronaviation.com\\\/de\\\/karneval-in-rio-de-janeiro-brasilien-17-22-februar-2023\\\/#article\",\"isPartOf\":{\"@id\":\"https:\\\/\\\/www.heronaviation.com\\\/de\\\/karneval-in-rio-de-janeiro-brasilien-17-22-februar-2023\\\/\"},\"author\":{\"name\":\"Iris B\u00e4umle\",\"@id\":\"https:\\\/\\\/www.heronaviation.com\\\/de\\\/#\\\/schema\\\/person\\\/30c693b9ca3a03f570cb9c65bdd3e8f0\"},\"headline\":\"Karneval in Rio de Janeiro, Brasilien, 17. &#8211; 22. Februar 2023\",\"datePublished\":\"2023-02-15T14:35:50+00:00\",\"dateModified\":\"2023-02-16T12:33:02+00:00\",\"mainEntityOfPage\":{\"@id\":\"https:\\\/\\\/www.heronaviation.com\\\/de\\\/karneval-in-rio-de-janeiro-brasilien-17-22-februar-2023\\\/\"},\"wordCount\":1133,\"commentCount\":0,\"publisher\":{\"@id\":\"https:\\\/\\\/www.heronaviation.com\\\/de\\\/#organization\"},\"image\":{\"@id\":\"https:\\\/\\\/www.heronaviation.com\\\/de\\\/karneval-in-rio-de-janeiro-brasilien-17-22-februar-2023\\\/#primaryimage\"},\"thumbnailUrl\":\"https:\\\/\\\/www.heronaviation.com\\\/wp-content\\\/uploads\\\/2023\\\/02\\\/rio-de-janeiro-4965438_960_720.jpg\",\"inLanguage\":\"de\",\"potentialAction\":[{\"@type\":\"CommentAction\",\"name\":\"Comment\",\"target\":[\"https:\\\/\\\/www.heronaviation.com\\\/de\\\/karneval-in-rio-de-janeiro-brasilien-17-22-februar-2023\\\/#respond\"]}]},{\"@type\":\"WebPage\",\"@id\":\"https:\\\/\\\/www.heronaviation.com\\\/de\\\/karneval-in-rio-de-janeiro-brasilien-17-22-februar-2023\\\/\",\"url\":\"https:\\\/\\\/www.heronaviation.com\\\/de\\\/karneval-in-rio-de-janeiro-brasilien-17-22-februar-2023\\\/\",\"name\":\"Karneval in Rio de Janeiro, Brasilien, 17. - 22. Februar 2023 - Heron Aviation\",\"isPartOf\":{\"@id\":\"https:\\\/\\\/www.heronaviation.com\\\/de\\\/#website\"},\"primaryImageOfPage\":{\"@id\":\"https:\\\/\\\/www.heronaviation.com\\\/de\\\/karneval-in-rio-de-janeiro-brasilien-17-22-februar-2023\\\/#primaryimage\"},\"image\":{\"@id\":\"https:\\\/\\\/www.heronaviation.com\\\/de\\\/karneval-in-rio-de-janeiro-brasilien-17-22-februar-2023\\\/#primaryimage\"},\"thumbnailUrl\":\"https:\\\/\\\/www.heronaviation.com\\\/wp-content\\\/uploads\\\/2023\\\/02\\\/rio-de-janeiro-4965438_960_720.jpg\",\"datePublished\":\"2023-02-15T14:35:50+00:00\",\"dateModified\":\"2023-02-16T12:33:02+00:00\",\"description\":\"Wer kennt ihn nicht \u2013 den ber\u00fchmten Karneval in Rio de Janeiro (carnaval do Rio oder carnaval carioca), Stadt des Zuckerhuts, der Copacabana\",\"breadcrumb\":{\"@id\":\"https:\\\/\\\/www.heronaviation.com\\\/de\\\/karneval-in-rio-de-janeiro-brasilien-17-22-februar-2023\\\/#breadcrumb\"},\"inLanguage\":\"de\",\"potentialAction\":[{\"@type\":\"ReadAction\",\"target\":[\"https:\\\/\\\/www.heronaviation.com\\\/de\\\/karneval-in-rio-de-janeiro-brasilien-17-22-februar-2023\\\/\"]}]},{\"@type\":\"ImageObject\",\"inLanguage\":\"de\",\"@id\":\"https:\\\/\\\/www.heronaviation.com\\\/de\\\/karneval-in-rio-de-janeiro-brasilien-17-22-februar-2023\\\/#primaryimage\",\"url\":\"https:\\\/\\\/www.heronaviation.com\\\/wp-content\\\/uploads\\\/2023\\\/02\\\/rio-de-janeiro-4965438_960_720.jpg\",\"contentUrl\":\"https:\\\/\\\/www.heronaviation.com\\\/wp-content\\\/uploads\\\/2023\\\/02\\\/rio-de-janeiro-4965438_960_720.jpg\",\"width\":960,\"height\":653},{\"@type\":\"BreadcrumbList\",\"@id\":\"https:\\\/\\\/www.heronaviation.com\\\/de\\\/karneval-in-rio-de-janeiro-brasilien-17-22-februar-2023\\\/#breadcrumb\",\"itemListElement\":[{\"@type\":\"ListItem\",\"position\":1,\"name\":\"Startseite\",\"item\":\"https:\\\/\\\/www.heronaviation.com\\\/de\\\/\"},{\"@type\":\"ListItem\",\"position\":2,\"name\":\"Karneval in Rio de Janeiro, Brasilien, 17. &#8211; 22. Februar 2023\"}]},{\"@type\":\"WebSite\",\"@id\":\"https:\\\/\\\/www.heronaviation.com\\\/de\\\/#website\",\"url\":\"https:\\\/\\\/www.heronaviation.com\\\/de\\\/\",\"name\":\"Heron Aviation\",\"description\":\"Discretion, Safety, Trust\",\"publisher\":{\"@id\":\"https:\\\/\\\/www.heronaviation.com\\\/de\\\/#organization\"},\"potentialAction\":[{\"@type\":\"SearchAction\",\"target\":{\"@type\":\"EntryPoint\",\"urlTemplate\":\"https:\\\/\\\/www.heronaviation.com\\\/de\\\/?s={search_term_string}\"},\"query-input\":{\"@type\":\"PropertyValueSpecification\",\"valueRequired\":true,\"valueName\":\"search_term_string\"}}],\"inLanguage\":\"de\"},{\"@type\":\"Organization\",\"@id\":\"https:\\\/\\\/www.heronaviation.com\\\/de\\\/#organization\",\"name\":\"Heron Aviation GmbH\",\"url\":\"https:\\\/\\\/www.heronaviation.com\\\/de\\\/\",\"logo\":{\"@type\":\"ImageObject\",\"inLanguage\":\"de\",\"@id\":\"https:\\\/\\\/www.heronaviation.com\\\/de\\\/#\\\/schema\\\/logo\\\/image\\\/\",\"url\":\"https:\\\/\\\/www.heronaviation.com\\\/wp-content\\\/uploads\\\/2021\\\/05\\\/cropped-Heron-Logo-Transparent-1.png\",\"contentUrl\":\"https:\\\/\\\/www.heronaviation.com\\\/wp-content\\\/uploads\\\/2021\\\/05\\\/cropped-Heron-Logo-Transparent-1.png\",\"width\":934,\"height\":267,\"caption\":\"Heron Aviation GmbH\"},\"image\":{\"@id\":\"https:\\\/\\\/www.heronaviation.com\\\/de\\\/#\\\/schema\\\/logo\\\/image\\\/\"}},{\"@type\":\"Person\",\"@id\":\"https:\\\/\\\/www.heronaviation.com\\\/de\\\/#\\\/schema\\\/person\\\/30c693b9ca3a03f570cb9c65bdd3e8f0\",\"name\":\"Iris B\u00e4umle\",\"image\":{\"@type\":\"ImageObject\",\"inLanguage\":\"de\",\"@id\":\"https:\\\/\\\/secure.gravatar.com\\\/avatar\\\/e5eb9df4d16362205c6751ec9581f4b44c6820d2ec602cd8e99743b6bcd4d126?s=96&d=mm&r=g\",\"url\":\"https:\\\/\\\/secure.gravatar.com\\\/avatar\\\/e5eb9df4d16362205c6751ec9581f4b44c6820d2ec602cd8e99743b6bcd4d126?s=96&d=mm&r=g\",\"contentUrl\":\"https:\\\/\\\/secure.gravatar.com\\\/avatar\\\/e5eb9df4d16362205c6751ec9581f4b44c6820d2ec602cd8e99743b6bcd4d126?s=96&d=mm&r=g\",\"caption\":\"Iris B\u00e4umle\"}}]}<\/script>\n<!-- \/ Yoast SEO Premium plugin. -->","yoast_head_json":{"title":"Karneval in Rio de Janeiro, Brasilien, 17. - 22. Februar 2023 - Heron Aviation","description":"Wer kennt ihn nicht \u2013 den ber\u00fchmten Karneval in Rio de Janeiro (carnaval do Rio oder carnaval carioca), Stadt des Zuckerhuts, der Copacabana","robots":{"index":"index","follow":"follow","max-snippet":"max-snippet:-1","max-image-preview":"max-image-preview:large","max-video-preview":"max-video-preview:-1"},"canonical":"https:\/\/www.heronaviation.com\/de\/karneval-in-rio-de-janeiro-brasilien-17-22-februar-2023\/","og_locale":"de_DE","og_type":"article","og_title":"Karneval in Rio de Janeiro, Brasilien, 17. - 22. Februar 2023","og_description":"Wer kennt ihn nicht \u2013 den ber\u00fchmten Karneval in Rio de Janeiro (carnaval do Rio oder carnaval carioca), Stadt des Zuckerhuts, der Copacabana","og_url":"https:\/\/www.heronaviation.com\/de\/karneval-in-rio-de-janeiro-brasilien-17-22-februar-2023\/","og_site_name":"Heron Aviation","article_published_time":"2023-02-15T14:35:50+00:00","article_modified_time":"2023-02-16T12:33:02+00:00","og_image":[{"width":960,"height":653,"url":"https:\/\/www.heronaviation.com\/wp-content\/uploads\/2023\/02\/rio-de-janeiro-4965438_960_720.jpg","type":"image\/jpeg"}],"author":"Iris B\u00e4umle","twitter_card":"summary_large_image","twitter_misc":{"Verfasst von":"Iris B\u00e4umle","Gesch\u00e4tzte Lesezeit":"6\u00a0Minuten"},"schema":{"@context":"https:\/\/schema.org","@graph":[{"@type":"Article","@id":"https:\/\/www.heronaviation.com\/de\/karneval-in-rio-de-janeiro-brasilien-17-22-februar-2023\/#article","isPartOf":{"@id":"https:\/\/www.heronaviation.com\/de\/karneval-in-rio-de-janeiro-brasilien-17-22-februar-2023\/"},"author":{"name":"Iris B\u00e4umle","@id":"https:\/\/www.heronaviation.com\/de\/#\/schema\/person\/30c693b9ca3a03f570cb9c65bdd3e8f0"},"headline":"Karneval in Rio de Janeiro, Brasilien, 17. &#8211; 22. Februar 2023","datePublished":"2023-02-15T14:35:50+00:00","dateModified":"2023-02-16T12:33:02+00:00","mainEntityOfPage":{"@id":"https:\/\/www.heronaviation.com\/de\/karneval-in-rio-de-janeiro-brasilien-17-22-februar-2023\/"},"wordCount":1133,"commentCount":0,"publisher":{"@id":"https:\/\/www.heronaviation.com\/de\/#organization"},"image":{"@id":"https:\/\/www.heronaviation.com\/de\/karneval-in-rio-de-janeiro-brasilien-17-22-februar-2023\/#primaryimage"},"thumbnailUrl":"https:\/\/www.heronaviation.com\/wp-content\/uploads\/2023\/02\/rio-de-janeiro-4965438_960_720.jpg","inLanguage":"de","potentialAction":[{"@type":"CommentAction","name":"Comment","target":["https:\/\/www.heronaviation.com\/de\/karneval-in-rio-de-janeiro-brasilien-17-22-februar-2023\/#respond"]}]},{"@type":"WebPage","@id":"https:\/\/www.heronaviation.com\/de\/karneval-in-rio-de-janeiro-brasilien-17-22-februar-2023\/","url":"https:\/\/www.heronaviation.com\/de\/karneval-in-rio-de-janeiro-brasilien-17-22-februar-2023\/","name":"Karneval in Rio de Janeiro, Brasilien, 17. - 22. Februar 2023 - Heron Aviation","isPartOf":{"@id":"https:\/\/www.heronaviation.com\/de\/#website"},"primaryImageOfPage":{"@id":"https:\/\/www.heronaviation.com\/de\/karneval-in-rio-de-janeiro-brasilien-17-22-februar-2023\/#primaryimage"},"image":{"@id":"https:\/\/www.heronaviation.com\/de\/karneval-in-rio-de-janeiro-brasilien-17-22-februar-2023\/#primaryimage"},"thumbnailUrl":"https:\/\/www.heronaviation.com\/wp-content\/uploads\/2023\/02\/rio-de-janeiro-4965438_960_720.jpg","datePublished":"2023-02-15T14:35:50+00:00","dateModified":"2023-02-16T12:33:02+00:00","description":"Wer kennt ihn nicht \u2013 den ber\u00fchmten Karneval in Rio de Janeiro (carnaval do Rio oder carnaval carioca), Stadt des Zuckerhuts, der Copacabana","breadcrumb":{"@id":"https:\/\/www.heronaviation.com\/de\/karneval-in-rio-de-janeiro-brasilien-17-22-februar-2023\/#breadcrumb"},"inLanguage":"de","potentialAction":[{"@type":"ReadAction","target":["https:\/\/www.heronaviation.com\/de\/karneval-in-rio-de-janeiro-brasilien-17-22-februar-2023\/"]}]},{"@type":"ImageObject","inLanguage":"de","@id":"https:\/\/www.heronaviation.com\/de\/karneval-in-rio-de-janeiro-brasilien-17-22-februar-2023\/#primaryimage","url":"https:\/\/www.heronaviation.com\/wp-content\/uploads\/2023\/02\/rio-de-janeiro-4965438_960_720.jpg","contentUrl":"https:\/\/www.heronaviation.com\/wp-content\/uploads\/2023\/02\/rio-de-janeiro-4965438_960_720.jpg","width":960,"height":653},{"@type":"BreadcrumbList","@id":"https:\/\/www.heronaviation.com\/de\/karneval-in-rio-de-janeiro-brasilien-17-22-februar-2023\/#breadcrumb","itemListElement":[{"@type":"ListItem","position":1,"name":"Startseite","item":"https:\/\/www.heronaviation.com\/de\/"},{"@type":"ListItem","position":2,"name":"Karneval in Rio de Janeiro, Brasilien, 17. &#8211; 22. Februar 2023"}]},{"@type":"WebSite","@id":"https:\/\/www.heronaviation.com\/de\/#website","url":"https:\/\/www.heronaviation.com\/de\/","name":"Heron Aviation","description":"Discretion, Safety, Trust","publisher":{"@id":"https:\/\/www.heronaviation.com\/de\/#organization"},"potentialAction":[{"@type":"SearchAction","target":{"@type":"EntryPoint","urlTemplate":"https:\/\/www.heronaviation.com\/de\/?s={search_term_string}"},"query-input":{"@type":"PropertyValueSpecification","valueRequired":true,"valueName":"search_term_string"}}],"inLanguage":"de"},{"@type":"Organization","@id":"https:\/\/www.heronaviation.com\/de\/#organization","name":"Heron Aviation GmbH","url":"https:\/\/www.heronaviation.com\/de\/","logo":{"@type":"ImageObject","inLanguage":"de","@id":"https:\/\/www.heronaviation.com\/de\/#\/schema\/logo\/image\/","url":"https:\/\/www.heronaviation.com\/wp-content\/uploads\/2021\/05\/cropped-Heron-Logo-Transparent-1.png","contentUrl":"https:\/\/www.heronaviation.com\/wp-content\/uploads\/2021\/05\/cropped-Heron-Logo-Transparent-1.png","width":934,"height":267,"caption":"Heron Aviation GmbH"},"image":{"@id":"https:\/\/www.heronaviation.com\/de\/#\/schema\/logo\/image\/"}},{"@type":"Person","@id":"https:\/\/www.heronaviation.com\/de\/#\/schema\/person\/30c693b9ca3a03f570cb9c65bdd3e8f0","name":"Iris B\u00e4umle","image":{"@type":"ImageObject","inLanguage":"de","@id":"https:\/\/secure.gravatar.com\/avatar\/e5eb9df4d16362205c6751ec9581f4b44c6820d2ec602cd8e99743b6bcd4d126?s=96&d=mm&r=g","url":"https:\/\/secure.gravatar.com\/avatar\/e5eb9df4d16362205c6751ec9581f4b44c6820d2ec602cd8e99743b6bcd4d126?s=96&d=mm&r=g","contentUrl":"https:\/\/secure.gravatar.com\/avatar\/e5eb9df4d16362205c6751ec9581f4b44c6820d2ec602cd8e99743b6bcd4d126?s=96&d=mm&r=g","caption":"Iris B\u00e4umle"}}]}},"_links":{"self":[{"href":"https:\/\/www.heronaviation.com\/de\/wp-json\/wp\/v2\/posts\/9720","targetHints":{"allow":["GET"]}}],"collection":[{"href":"https:\/\/www.heronaviation.com\/de\/wp-json\/wp\/v2\/posts"}],"about":[{"href":"https:\/\/www.heronaviation.com\/de\/wp-json\/wp\/v2\/types\/post"}],"author":[{"embeddable":true,"href":"https:\/\/www.heronaviation.com\/de\/wp-json\/wp\/v2\/users\/7"}],"replies":[{"embeddable":true,"href":"https:\/\/www.heronaviation.com\/de\/wp-json\/wp\/v2\/comments?post=9720"}],"version-history":[{"count":12,"href":"https:\/\/www.heronaviation.com\/de\/wp-json\/wp\/v2\/posts\/9720\/revisions"}],"predecessor-version":[{"id":9736,"href":"https:\/\/www.heronaviation.com\/de\/wp-json\/wp\/v2\/posts\/9720\/revisions\/9736"}],"wp:featuredmedia":[{"embeddable":true,"href":"https:\/\/www.heronaviation.com\/de\/wp-json\/wp\/v2\/media\/9715"}],"wp:attachment":[{"href":"https:\/\/www.heronaviation.com\/de\/wp-json\/wp\/v2\/media?parent=9720"}],"wp:term":[{"taxonomy":"category","embeddable":true,"href":"https:\/\/www.heronaviation.com\/de\/wp-json\/wp\/v2\/categories?post=9720"},{"taxonomy":"post_tag","embeddable":true,"href":"https:\/\/www.heronaviation.com\/de\/wp-json\/wp\/v2\/tags?post=9720"}],"curies":[{"name":"wp","href":"https:\/\/api.w.org\/{rel}","templated":true}]}}