{"id":10230,"date":"2023-05-09T13:15:24","date_gmt":"2023-05-09T11:15:24","guid":{"rendered":"https:\/\/www.heronaviation.com\/?p=10230"},"modified":"2023-05-09T13:17:57","modified_gmt":"2023-05-09T11:17:57","slug":"heron-aviation-amplia-su-flota-charter-con-un-cessna-citation-jet-m2","status":"publish","type":"post","link":"https:\/\/www.heronaviation.com\/es\/heron-aviation-amplia-su-flota-charter-con-un-cessna-citation-jet-m2\/","title":{"rendered":"Heron Aviation ampl\u00eda su flota ch\u00e1rter con un Cessna Citation JET M2"},"content":{"rendered":"\t\t<div data-elementor-type=\"wp-post\" data-elementor-id=\"10230\" class=\"elementor elementor-10230\" data-elementor-post-type=\"post\">\n\t\t\t\t\t\t<section class=\"elementor-section elementor-top-section elementor-element elementor-element-180d7df2 elementor-section-boxed elementor-section-height-default elementor-section-height-default\" data-id=\"180d7df2\" data-element_type=\"section\" data-settings=\"{&quot;jet_parallax_layout_list&quot;:[{&quot;jet_parallax_layout_image&quot;:{&quot;url&quot;:&quot;&quot;,&quot;id&quot;:&quot;&quot;,&quot;size&quot;:&quot;&quot;},&quot;_id&quot;:&quot;f04db7b&quot;,&quot;jet_parallax_layout_image_tablet&quot;:{&quot;url&quot;:&quot;&quot;,&quot;id&quot;:&quot;&quot;,&quot;size&quot;:&quot;&quot;},&quot;jet_parallax_layout_image_mobile&quot;:{&quot;url&quot;:&quot;&quot;,&quot;id&quot;:&quot;&quot;,&quot;size&quot;:&quot;&quot;},&quot;jet_parallax_layout_speed&quot;:{&quot;unit&quot;:&quot;%&quot;,&quot;size&quot;:50,&quot;sizes&quot;:[]},&quot;jet_parallax_layout_type&quot;:&quot;scroll&quot;,&quot;jet_parallax_layout_direction&quot;:&quot;1&quot;,&quot;jet_parallax_layout_fx_direction&quot;:null,&quot;jet_parallax_layout_z_index&quot;:&quot;&quot;,&quot;jet_parallax_layout_bg_x&quot;:50,&quot;jet_parallax_layout_bg_x_tablet&quot;:&quot;&quot;,&quot;jet_parallax_layout_bg_x_mobile&quot;:&quot;&quot;,&quot;jet_parallax_layout_bg_y&quot;:50,&quot;jet_parallax_layout_bg_y_tablet&quot;:&quot;&quot;,&quot;jet_parallax_layout_bg_y_mobile&quot;:&quot;&quot;,&quot;jet_parallax_layout_bg_size&quot;:&quot;auto&quot;,&quot;jet_parallax_layout_bg_size_tablet&quot;:&quot;&quot;,&quot;jet_parallax_layout_bg_size_mobile&quot;:&quot;&quot;,&quot;jet_parallax_layout_animation_prop&quot;:&quot;transform&quot;,&quot;jet_parallax_layout_on&quot;:[&quot;desktop&quot;,&quot;tablet&quot;]}]}\">\n\t\t\t\t\t\t<div class=\"elementor-container elementor-column-gap-default\">\n\t\t\t\t\t<div class=\"elementor-column elementor-col-100 elementor-top-column elementor-element elementor-element-55890b87\" data-id=\"55890b87\" data-element_type=\"column\">\n\t\t\t<div class=\"elementor-widget-wrap elementor-element-populated\">\n\t\t\t\t\t\t<div class=\"elementor-element elementor-element-5d0ca40f elementor-widget elementor-widget-text-editor\" data-id=\"5d0ca40f\" data-element_type=\"widget\" data-widget_type=\"text-editor.default\">\n\t\t\t\t<div class=\"elementor-widget-container\">\n\t\t\t\t\t\t\t\t\t<p>Heron Aviation ha anunciado hoy la incorporaci\u00f3n a su flota de un<b> Cessna Citation Jet M2 C525<\/b>. El avi\u00f3n, matr\u00edcula D-IPAA, volar\u00e1 bajo EASA OPS y operado bajo el AOC de Heron Aviation. La nueva incorporaci\u00f3n refuerza la creciente flota de vuelos ch\u00e1rter de la empresa y se convierte en el quinto CESSNA que opera Heron Aviation.<\/p>\n<p>La entrada del D-IPAA, supone para Heron Aviation un refuerzo de su posici\u00f3n como empresa europea especializada en vuelos ch\u00e1rter. Construido en 2019, el avi\u00f3n presenta un dise\u00f1o acogedor y moderno, tiene una capacidad para cinco pasajeros y su cabina de la serie Cessna destaca por su luminosidad y por ser muy silenciosa. &nbsp;<\/p>\n<p>El <b>aeropuerto-base se encuentra en Zaragoza<\/b>, lo que permite a Heron Aviation ofrecer a sus clientes otro avi\u00f3n situado en el sur de Europa, desde que se puede llegar a los destinos tur\u00edsticos m\u00e1s populares de forma m\u00e1s r\u00e1pida y con un menor tiempo de planificaci\u00f3n.<\/p>\n<p>Seg\u00fan ha declarado el Director General de Heron Aviation, Martin Helbling, \u201cal integrar estae nuevo jet a nuestra flota, Heron Aviation se convierte en una empresa especializada en este tipo de aeronaves. Estoy orgulloso de nuestro equipo Heron Aviation tanto en Lauchringen como Berl\u00edn y Espa\u00f1a, porque gracias a su trabajo y su profesionalidad el lanzamiento e incorporaci\u00f3n de este avi\u00f3n ha sido un \u00e9xito. El avi\u00f3n se encuentra ya a disposici\u00f3n de nuestros clientes para vuelos ch\u00e1rter y de gesti\u00f3n de aeronaves.\u201d<\/p>\n<p>Heron Aviation es una empresa de aviaci\u00f3n ejecutiva especializada en la gesti\u00f3n de aeronaves y la implementaci\u00f3n profesional de vuelos ch\u00e1rter. El grupo empresarial con presencia en Alemania y Espa\u00f1a concede gran importancia a los m\u00e1s altos est\u00e1ndares en las \u00e1reas de seguridad, discreci\u00f3n y fiabilidad.<\/p>\n<p>Para respaldar el apoyo de nuestros clientes, Heron cuenta con una plantilla cualificada en &nbsp;las \u00e1reas de ventas, operaciones y mantenimiento.<\/p>\n<p>Para obtener m\u00e1s informaci\u00f3n, as\u00ed como consultas sobre ch\u00e1rter y gesti\u00f3n, p\u00f3ngase en contacto con: Heron Aviation. charter@heronaviation.com.<\/p>\t\t\t\t\t\t\t\t<\/div>\n\t\t\t\t<\/div>\n\t\t\t\t\t<\/div>\n\t\t<\/div>\n\t\t\t\t\t<\/div>\n\t\t<\/section>\n\t\t\t\t<\/div>\n\t\t","protected":false},"excerpt":{"rendered":"<p>Heron Aviation ha anunciado hoy la incorporaci\u00f3n a su flota de un Cessna Citation Jet M2 C525. El avi\u00f3n, matr\u00edcula D-IPAA, volar\u00e1 bajo EASA OPS y operado bajo el AOC de Heron Aviation. La nueva incorporaci\u00f3n refuerza la creciente flota de vuelos ch\u00e1rter de la empresa y se convierte en el quinto CESSNA que opera [&hellip;]<\/p>\n","protected":false},"author":7,"featured_media":10128,"comment_status":"open","ping_status":"open","sticky":false,"template":"","format":"standard","meta":{"_acf_changed":false,"footnotes":""},"categories":[12],"tags":[],"class_list":["post-10230","post","type-post","status-publish","format-standard","has-post-thumbnail","hentry","category-sin-categorizar"],"acf":[],"yoast_head":"<!-- This site is optimized with the Yoast SEO Premium plugin v25.9 (Yoast SEO v27.4) - https:\/\/yoast.com\/product\/yoast-seo-premium-wordpress\/ -->\n<title>Heron Aviation ampl\u00eda su flota ch\u00e1rter con un Cessna Citation JET M2 - Heron Aviation<\/title>\n<meta name=\"description\" content=\"Heron Aviation ha anunciado hoy la incorporaci\u00f3n a su flota de un Cessna Citation Jet M2 C525\" \/>\n<meta name=\"robots\" content=\"index, follow, max-snippet:-1, max-image-preview:large, max-video-preview:-1\" \/>\n<link rel=\"canonical\" href=\"https:\/\/www.heronaviation.com\/es\/heron-aviation-amplia-su-flota-charter-con-un-cessna-citation-jet-m2\/\" \/>\n<meta property=\"og:locale\" content=\"es_ES\" \/>\n<meta property=\"og:type\" content=\"article\" \/>\n<meta property=\"og:title\" content=\"Heron Aviation ampl\u00eda su flota ch\u00e1rter con un Cessna Citation JET M2\" \/>\n<meta property=\"og:description\" content=\"Heron Aviation ha anunciado hoy la incorporaci\u00f3n a su flota de un Cessna Citation Jet M2 C525\" \/>\n<meta property=\"og:url\" content=\"https:\/\/www.heronaviation.com\/es\/heron-aviation-amplia-su-flota-charter-con-un-cessna-citation-jet-m2\/\" \/>\n<meta property=\"og:site_name\" content=\"Heron Aviation\" \/>\n<meta property=\"article:published_time\" content=\"2023-05-09T11:15:24+00:00\" \/>\n<meta property=\"article:modified_time\" content=\"2023-05-09T11:17:57+00:00\" \/>\n<meta property=\"og:image\" content=\"https:\/\/www.heronaviation.com\/wp-content\/uploads\/2023\/04\/D-IPAA-outside-photosh-scaled.jpg\" \/>\n\t<meta property=\"og:image:width\" content=\"1920\" \/>\n\t<meta property=\"og:image:height\" content=\"1440\" \/>\n\t<meta property=\"og:image:type\" content=\"image\/jpeg\" \/>\n<meta name=\"author\" content=\"Iris B\u00e4umle\" \/>\n<meta name=\"twitter:card\" content=\"summary_large_image\" \/>\n<meta name=\"twitter:label1\" content=\"Escrito por\" \/>\n\t<meta name=\"twitter:data1\" content=\"Iris B\u00e4umle\" \/>\n\t<meta name=\"twitter:label2\" content=\"Tiempo de lectura\" \/>\n\t<meta name=\"twitter:data2\" content=\"2 minutos\" \/>\n<script type=\"application\/ld+json\" class=\"yoast-schema-graph\">{\"@context\":\"https:\\\/\\\/schema.org\",\"@graph\":[{\"@type\":\"Article\",\"@id\":\"https:\\\/\\\/www.heronaviation.com\\\/es\\\/heron-aviation-amplia-su-flota-charter-con-un-cessna-citation-jet-m2\\\/#article\",\"isPartOf\":{\"@id\":\"https:\\\/\\\/www.heronaviation.com\\\/es\\\/heron-aviation-amplia-su-flota-charter-con-un-cessna-citation-jet-m2\\\/\"},\"author\":{\"name\":\"Iris B\u00e4umle\",\"@id\":\"https:\\\/\\\/www.heronaviation.com\\\/es\\\/#\\\/schema\\\/person\\\/30c693b9ca3a03f570cb9c65bdd3e8f0\"},\"headline\":\"Heron Aviation ampl\u00eda su flota ch\u00e1rter con un Cessna Citation JET M2\",\"datePublished\":\"2023-05-09T11:15:24+00:00\",\"dateModified\":\"2023-05-09T11:17:57+00:00\",\"mainEntityOfPage\":{\"@id\":\"https:\\\/\\\/www.heronaviation.com\\\/es\\\/heron-aviation-amplia-su-flota-charter-con-un-cessna-citation-jet-m2\\\/\"},\"wordCount\":376,\"commentCount\":0,\"publisher\":{\"@id\":\"https:\\\/\\\/www.heronaviation.com\\\/es\\\/#organization\"},\"image\":{\"@id\":\"https:\\\/\\\/www.heronaviation.com\\\/es\\\/heron-aviation-amplia-su-flota-charter-con-un-cessna-citation-jet-m2\\\/#primaryimage\"},\"thumbnailUrl\":\"https:\\\/\\\/www.heronaviation.com\\\/wp-content\\\/uploads\\\/2023\\\/04\\\/D-IPAA-outside-photosh-scaled.jpg\",\"articleSection\":[\"Sin categorizar\"],\"inLanguage\":\"es\",\"potentialAction\":[{\"@type\":\"CommentAction\",\"name\":\"Comment\",\"target\":[\"https:\\\/\\\/www.heronaviation.com\\\/es\\\/heron-aviation-amplia-su-flota-charter-con-un-cessna-citation-jet-m2\\\/#respond\"]}]},{\"@type\":\"WebPage\",\"@id\":\"https:\\\/\\\/www.heronaviation.com\\\/es\\\/heron-aviation-amplia-su-flota-charter-con-un-cessna-citation-jet-m2\\\/\",\"url\":\"https:\\\/\\\/www.heronaviation.com\\\/es\\\/heron-aviation-amplia-su-flota-charter-con-un-cessna-citation-jet-m2\\\/\",\"name\":\"Heron Aviation ampl\u00eda su flota ch\u00e1rter con un Cessna Citation JET M2 - Heron Aviation\",\"isPartOf\":{\"@id\":\"https:\\\/\\\/www.heronaviation.com\\\/es\\\/#website\"},\"primaryImageOfPage\":{\"@id\":\"https:\\\/\\\/www.heronaviation.com\\\/es\\\/heron-aviation-amplia-su-flota-charter-con-un-cessna-citation-jet-m2\\\/#primaryimage\"},\"image\":{\"@id\":\"https:\\\/\\\/www.heronaviation.com\\\/es\\\/heron-aviation-amplia-su-flota-charter-con-un-cessna-citation-jet-m2\\\/#primaryimage\"},\"thumbnailUrl\":\"https:\\\/\\\/www.heronaviation.com\\\/wp-content\\\/uploads\\\/2023\\\/04\\\/D-IPAA-outside-photosh-scaled.jpg\",\"datePublished\":\"2023-05-09T11:15:24+00:00\",\"dateModified\":\"2023-05-09T11:17:57+00:00\",\"description\":\"Heron Aviation ha anunciado hoy la incorporaci\u00f3n a su flota de un Cessna Citation Jet M2 C525\",\"breadcrumb\":{\"@id\":\"https:\\\/\\\/www.heronaviation.com\\\/es\\\/heron-aviation-amplia-su-flota-charter-con-un-cessna-citation-jet-m2\\\/#breadcrumb\"},\"inLanguage\":\"es\",\"potentialAction\":[{\"@type\":\"ReadAction\",\"target\":[\"https:\\\/\\\/www.heronaviation.com\\\/es\\\/heron-aviation-amplia-su-flota-charter-con-un-cessna-citation-jet-m2\\\/\"]}]},{\"@type\":\"ImageObject\",\"inLanguage\":\"es\",\"@id\":\"https:\\\/\\\/www.heronaviation.com\\\/es\\\/heron-aviation-amplia-su-flota-charter-con-un-cessna-citation-jet-m2\\\/#primaryimage\",\"url\":\"https:\\\/\\\/www.heronaviation.com\\\/wp-content\\\/uploads\\\/2023\\\/04\\\/D-IPAA-outside-photosh-scaled.jpg\",\"contentUrl\":\"https:\\\/\\\/www.heronaviation.com\\\/wp-content\\\/uploads\\\/2023\\\/04\\\/D-IPAA-outside-photosh-scaled.jpg\",\"width\":1920,\"height\":1440},{\"@type\":\"BreadcrumbList\",\"@id\":\"https:\\\/\\\/www.heronaviation.com\\\/es\\\/heron-aviation-amplia-su-flota-charter-con-un-cessna-citation-jet-m2\\\/#breadcrumb\",\"itemListElement\":[{\"@type\":\"ListItem\",\"position\":1,\"name\":\"P\u00e1gina Inicial\",\"item\":\"https:\\\/\\\/www.heronaviation.com\\\/es\\\/\"},{\"@type\":\"ListItem\",\"position\":2,\"name\":\"Heron Aviation ampl\u00eda su flota ch\u00e1rter con un Cessna Citation JET M2\"}]},{\"@type\":\"WebSite\",\"@id\":\"https:\\\/\\\/www.heronaviation.com\\\/es\\\/#website\",\"url\":\"https:\\\/\\\/www.heronaviation.com\\\/es\\\/\",\"name\":\"Heron Aviation\",\"description\":\"Discretion, Safety, Trust\",\"publisher\":{\"@id\":\"https:\\\/\\\/www.heronaviation.com\\\/es\\\/#organization\"},\"potentialAction\":[{\"@type\":\"SearchAction\",\"target\":{\"@type\":\"EntryPoint\",\"urlTemplate\":\"https:\\\/\\\/www.heronaviation.com\\\/es\\\/?s={search_term_string}\"},\"query-input\":{\"@type\":\"PropertyValueSpecification\",\"valueRequired\":true,\"valueName\":\"search_term_string\"}}],\"inLanguage\":\"es\"},{\"@type\":\"Organization\",\"@id\":\"https:\\\/\\\/www.heronaviation.com\\\/es\\\/#organization\",\"name\":\"Heron Aviation GmbH\",\"url\":\"https:\\\/\\\/www.heronaviation.com\\\/es\\\/\",\"logo\":{\"@type\":\"ImageObject\",\"inLanguage\":\"es\",\"@id\":\"https:\\\/\\\/www.heronaviation.com\\\/es\\\/#\\\/schema\\\/logo\\\/image\\\/\",\"url\":\"https:\\\/\\\/www.heronaviation.com\\\/wp-content\\\/uploads\\\/2021\\\/05\\\/cropped-Heron-Logo-Transparent-1.png\",\"contentUrl\":\"https:\\\/\\\/www.heronaviation.com\\\/wp-content\\\/uploads\\\/2021\\\/05\\\/cropped-Heron-Logo-Transparent-1.png\",\"width\":934,\"height\":267,\"caption\":\"Heron Aviation GmbH\"},\"image\":{\"@id\":\"https:\\\/\\\/www.heronaviation.com\\\/es\\\/#\\\/schema\\\/logo\\\/image\\\/\"}},{\"@type\":\"Person\",\"@id\":\"https:\\\/\\\/www.heronaviation.com\\\/es\\\/#\\\/schema\\\/person\\\/30c693b9ca3a03f570cb9c65bdd3e8f0\",\"name\":\"Iris B\u00e4umle\",\"image\":{\"@type\":\"ImageObject\",\"inLanguage\":\"es\",\"@id\":\"https:\\\/\\\/secure.gravatar.com\\\/avatar\\\/e5eb9df4d16362205c6751ec9581f4b44c6820d2ec602cd8e99743b6bcd4d126?s=96&d=mm&r=g\",\"url\":\"https:\\\/\\\/secure.gravatar.com\\\/avatar\\\/e5eb9df4d16362205c6751ec9581f4b44c6820d2ec602cd8e99743b6bcd4d126?s=96&d=mm&r=g\",\"contentUrl\":\"https:\\\/\\\/secure.gravatar.com\\\/avatar\\\/e5eb9df4d16362205c6751ec9581f4b44c6820d2ec602cd8e99743b6bcd4d126?s=96&d=mm&r=g\",\"caption\":\"Iris B\u00e4umle\"}}]}<\/script>\n<!-- \/ Yoast SEO Premium plugin. -->","yoast_head_json":{"title":"Heron Aviation ampl\u00eda su flota ch\u00e1rter con un Cessna Citation JET M2 - Heron Aviation","description":"Heron Aviation ha anunciado hoy la incorporaci\u00f3n a su flota de un Cessna Citation Jet M2 C525","robots":{"index":"index","follow":"follow","max-snippet":"max-snippet:-1","max-image-preview":"max-image-preview:large","max-video-preview":"max-video-preview:-1"},"canonical":"https:\/\/www.heronaviation.com\/es\/heron-aviation-amplia-su-flota-charter-con-un-cessna-citation-jet-m2\/","og_locale":"es_ES","og_type":"article","og_title":"Heron Aviation ampl\u00eda su flota ch\u00e1rter con un Cessna Citation JET M2","og_description":"Heron Aviation ha anunciado hoy la incorporaci\u00f3n a su flota de un Cessna Citation Jet M2 C525","og_url":"https:\/\/www.heronaviation.com\/es\/heron-aviation-amplia-su-flota-charter-con-un-cessna-citation-jet-m2\/","og_site_name":"Heron Aviation","article_published_time":"2023-05-09T11:15:24+00:00","article_modified_time":"2023-05-09T11:17:57+00:00","og_image":[{"width":1920,"height":1440,"url":"https:\/\/www.heronaviation.com\/wp-content\/uploads\/2023\/04\/D-IPAA-outside-photosh-scaled.jpg","type":"image\/jpeg"}],"author":"Iris B\u00e4umle","twitter_card":"summary_large_image","twitter_misc":{"Escrito por":"Iris B\u00e4umle","Tiempo de lectura":"2 minutos"},"schema":{"@context":"https:\/\/schema.org","@graph":[{"@type":"Article","@id":"https:\/\/www.heronaviation.com\/es\/heron-aviation-amplia-su-flota-charter-con-un-cessna-citation-jet-m2\/#article","isPartOf":{"@id":"https:\/\/www.heronaviation.com\/es\/heron-aviation-amplia-su-flota-charter-con-un-cessna-citation-jet-m2\/"},"author":{"name":"Iris B\u00e4umle","@id":"https:\/\/www.heronaviation.com\/es\/#\/schema\/person\/30c693b9ca3a03f570cb9c65bdd3e8f0"},"headline":"Heron Aviation ampl\u00eda su flota ch\u00e1rter con un Cessna Citation JET M2","datePublished":"2023-05-09T11:15:24+00:00","dateModified":"2023-05-09T11:17:57+00:00","mainEntityOfPage":{"@id":"https:\/\/www.heronaviation.com\/es\/heron-aviation-amplia-su-flota-charter-con-un-cessna-citation-jet-m2\/"},"wordCount":376,"commentCount":0,"publisher":{"@id":"https:\/\/www.heronaviation.com\/es\/#organization"},"image":{"@id":"https:\/\/www.heronaviation.com\/es\/heron-aviation-amplia-su-flota-charter-con-un-cessna-citation-jet-m2\/#primaryimage"},"thumbnailUrl":"https:\/\/www.heronaviation.com\/wp-content\/uploads\/2023\/04\/D-IPAA-outside-photosh-scaled.jpg","articleSection":["Sin categorizar"],"inLanguage":"es","potentialAction":[{"@type":"CommentAction","name":"Comment","target":["https:\/\/www.heronaviation.com\/es\/heron-aviation-amplia-su-flota-charter-con-un-cessna-citation-jet-m2\/#respond"]}]},{"@type":"WebPage","@id":"https:\/\/www.heronaviation.com\/es\/heron-aviation-amplia-su-flota-charter-con-un-cessna-citation-jet-m2\/","url":"https:\/\/www.heronaviation.com\/es\/heron-aviation-amplia-su-flota-charter-con-un-cessna-citation-jet-m2\/","name":"Heron Aviation ampl\u00eda su flota ch\u00e1rter con un Cessna Citation JET M2 - Heron Aviation","isPartOf":{"@id":"https:\/\/www.heronaviation.com\/es\/#website"},"primaryImageOfPage":{"@id":"https:\/\/www.heronaviation.com\/es\/heron-aviation-amplia-su-flota-charter-con-un-cessna-citation-jet-m2\/#primaryimage"},"image":{"@id":"https:\/\/www.heronaviation.com\/es\/heron-aviation-amplia-su-flota-charter-con-un-cessna-citation-jet-m2\/#primaryimage"},"thumbnailUrl":"https:\/\/www.heronaviation.com\/wp-content\/uploads\/2023\/04\/D-IPAA-outside-photosh-scaled.jpg","datePublished":"2023-05-09T11:15:24+00:00","dateModified":"2023-05-09T11:17:57+00:00","description":"Heron Aviation ha anunciado hoy la incorporaci\u00f3n a su flota de un Cessna Citation Jet M2 C525","breadcrumb":{"@id":"https:\/\/www.heronaviation.com\/es\/heron-aviation-amplia-su-flota-charter-con-un-cessna-citation-jet-m2\/#breadcrumb"},"inLanguage":"es","potentialAction":[{"@type":"ReadAction","target":["https:\/\/www.heronaviation.com\/es\/heron-aviation-amplia-su-flota-charter-con-un-cessna-citation-jet-m2\/"]}]},{"@type":"ImageObject","inLanguage":"es","@id":"https:\/\/www.heronaviation.com\/es\/heron-aviation-amplia-su-flota-charter-con-un-cessna-citation-jet-m2\/#primaryimage","url":"https:\/\/www.heronaviation.com\/wp-content\/uploads\/2023\/04\/D-IPAA-outside-photosh-scaled.jpg","contentUrl":"https:\/\/www.heronaviation.com\/wp-content\/uploads\/2023\/04\/D-IPAA-outside-photosh-scaled.jpg","width":1920,"height":1440},{"@type":"BreadcrumbList","@id":"https:\/\/www.heronaviation.com\/es\/heron-aviation-amplia-su-flota-charter-con-un-cessna-citation-jet-m2\/#breadcrumb","itemListElement":[{"@type":"ListItem","position":1,"name":"P\u00e1gina Inicial","item":"https:\/\/www.heronaviation.com\/es\/"},{"@type":"ListItem","position":2,"name":"Heron Aviation ampl\u00eda su flota ch\u00e1rter con un Cessna Citation JET M2"}]},{"@type":"WebSite","@id":"https:\/\/www.heronaviation.com\/es\/#website","url":"https:\/\/www.heronaviation.com\/es\/","name":"Heron Aviation","description":"Discretion, Safety, Trust","publisher":{"@id":"https:\/\/www.heronaviation.com\/es\/#organization"},"potentialAction":[{"@type":"SearchAction","target":{"@type":"EntryPoint","urlTemplate":"https:\/\/www.heronaviation.com\/es\/?s={search_term_string}"},"query-input":{"@type":"PropertyValueSpecification","valueRequired":true,"valueName":"search_term_string"}}],"inLanguage":"es"},{"@type":"Organization","@id":"https:\/\/www.heronaviation.com\/es\/#organization","name":"Heron Aviation GmbH","url":"https:\/\/www.heronaviation.com\/es\/","logo":{"@type":"ImageObject","inLanguage":"es","@id":"https:\/\/www.heronaviation.com\/es\/#\/schema\/logo\/image\/","url":"https:\/\/www.heronaviation.com\/wp-content\/uploads\/2021\/05\/cropped-Heron-Logo-Transparent-1.png","contentUrl":"https:\/\/www.heronaviation.com\/wp-content\/uploads\/2021\/05\/cropped-Heron-Logo-Transparent-1.png","width":934,"height":267,"caption":"Heron Aviation GmbH"},"image":{"@id":"https:\/\/www.heronaviation.com\/es\/#\/schema\/logo\/image\/"}},{"@type":"Person","@id":"https:\/\/www.heronaviation.com\/es\/#\/schema\/person\/30c693b9ca3a03f570cb9c65bdd3e8f0","name":"Iris B\u00e4umle","image":{"@type":"ImageObject","inLanguage":"es","@id":"https:\/\/secure.gravatar.com\/avatar\/e5eb9df4d16362205c6751ec9581f4b44c6820d2ec602cd8e99743b6bcd4d126?s=96&d=mm&r=g","url":"https:\/\/secure.gravatar.com\/avatar\/e5eb9df4d16362205c6751ec9581f4b44c6820d2ec602cd8e99743b6bcd4d126?s=96&d=mm&r=g","contentUrl":"https:\/\/secure.gravatar.com\/avatar\/e5eb9df4d16362205c6751ec9581f4b44c6820d2ec602cd8e99743b6bcd4d126?s=96&d=mm&r=g","caption":"Iris B\u00e4umle"}}]}},"_links":{"self":[{"href":"https:\/\/www.heronaviation.com\/es\/wp-json\/wp\/v2\/posts\/10230","targetHints":{"allow":["GET"]}}],"collection":[{"href":"https:\/\/www.heronaviation.com\/es\/wp-json\/wp\/v2\/posts"}],"about":[{"href":"https:\/\/www.heronaviation.com\/es\/wp-json\/wp\/v2\/types\/post"}],"author":[{"embeddable":true,"href":"https:\/\/www.heronaviation.com\/es\/wp-json\/wp\/v2\/users\/7"}],"replies":[{"embeddable":true,"href":"https:\/\/www.heronaviation.com\/es\/wp-json\/wp\/v2\/comments?post=10230"}],"version-history":[{"count":5,"href":"https:\/\/www.heronaviation.com\/es\/wp-json\/wp\/v2\/posts\/10230\/revisions"}],"predecessor-version":[{"id":10235,"href":"https:\/\/www.heronaviation.com\/es\/wp-json\/wp\/v2\/posts\/10230\/revisions\/10235"}],"wp:featuredmedia":[{"embeddable":true,"href":"https:\/\/www.heronaviation.com\/es\/wp-json\/wp\/v2\/media\/10128"}],"wp:attachment":[{"href":"https:\/\/www.heronaviation.com\/es\/wp-json\/wp\/v2\/media?parent=10230"}],"wp:term":[{"taxonomy":"category","embeddable":true,"href":"https:\/\/www.heronaviation.com\/es\/wp-json\/wp\/v2\/categories?post=10230"},{"taxonomy":"post_tag","embeddable":true,"href":"https:\/\/www.heronaviation.com\/es\/wp-json\/wp\/v2\/tags?post=10230"}],"curies":[{"name":"wp","href":"https:\/\/api.w.org\/{rel}","templated":true}]}}