{"id":10316,"date":"2023-06-15T11:33:00","date_gmt":"2023-06-15T09:33:00","guid":{"rendered":"https:\/\/www.heronaviation.com\/?p=10316"},"modified":"2023-06-15T16:14:04","modified_gmt":"2023-06-15T14:14:04","slug":"las-azores-un-verde-paraiso-en-el-atlantico","status":"publish","type":"post","link":"https:\/\/www.heronaviation.com\/es\/las-azores-un-verde-paraiso-en-el-atlantico\/","title":{"rendered":"Las Azores, un verde para\u00edso en el Atl\u00e1ntico"},"content":{"rendered":"\t\t<div data-elementor-type=\"wp-post\" data-elementor-id=\"10316\" class=\"elementor elementor-10316\" data-elementor-post-type=\"post\">\n\t\t\t\t\t\t<section class=\"elementor-section elementor-top-section elementor-element elementor-element-180d7df2 elementor-section-boxed elementor-section-height-default elementor-section-height-default\" data-id=\"180d7df2\" data-element_type=\"section\" data-settings=\"{&quot;jet_parallax_layout_list&quot;:[{&quot;jet_parallax_layout_image&quot;:{&quot;url&quot;:&quot;&quot;,&quot;id&quot;:&quot;&quot;,&quot;size&quot;:&quot;&quot;},&quot;_id&quot;:&quot;f04db7b&quot;,&quot;jet_parallax_layout_image_tablet&quot;:{&quot;url&quot;:&quot;&quot;,&quot;id&quot;:&quot;&quot;,&quot;size&quot;:&quot;&quot;},&quot;jet_parallax_layout_image_mobile&quot;:{&quot;url&quot;:&quot;&quot;,&quot;id&quot;:&quot;&quot;,&quot;size&quot;:&quot;&quot;},&quot;jet_parallax_layout_speed&quot;:{&quot;unit&quot;:&quot;%&quot;,&quot;size&quot;:50,&quot;sizes&quot;:[]},&quot;jet_parallax_layout_type&quot;:&quot;scroll&quot;,&quot;jet_parallax_layout_direction&quot;:&quot;1&quot;,&quot;jet_parallax_layout_fx_direction&quot;:null,&quot;jet_parallax_layout_z_index&quot;:&quot;&quot;,&quot;jet_parallax_layout_bg_x&quot;:50,&quot;jet_parallax_layout_bg_x_tablet&quot;:&quot;&quot;,&quot;jet_parallax_layout_bg_x_mobile&quot;:&quot;&quot;,&quot;jet_parallax_layout_bg_y&quot;:50,&quot;jet_parallax_layout_bg_y_tablet&quot;:&quot;&quot;,&quot;jet_parallax_layout_bg_y_mobile&quot;:&quot;&quot;,&quot;jet_parallax_layout_bg_size&quot;:&quot;auto&quot;,&quot;jet_parallax_layout_bg_size_tablet&quot;:&quot;&quot;,&quot;jet_parallax_layout_bg_size_mobile&quot;:&quot;&quot;,&quot;jet_parallax_layout_animation_prop&quot;:&quot;transform&quot;,&quot;jet_parallax_layout_on&quot;:[&quot;desktop&quot;,&quot;tablet&quot;]}]}\">\n\t\t\t\t\t\t<div class=\"elementor-container elementor-column-gap-default\">\n\t\t\t\t\t<div class=\"elementor-column elementor-col-100 elementor-top-column elementor-element elementor-element-55890b87\" data-id=\"55890b87\" data-element_type=\"column\">\n\t\t\t<div class=\"elementor-widget-wrap elementor-element-populated\">\n\t\t\t\t\t\t<div class=\"elementor-element elementor-element-5d0ca40f elementor-widget elementor-widget-text-editor\" data-id=\"5d0ca40f\" data-element_type=\"widget\" data-widget_type=\"text-editor.default\">\n\t\t\t\t<div class=\"elementor-widget-container\">\n\t\t\t\t\t\t\t\t\t<p>La naturaleza de las Azores: profundos cr\u00e1teres volc\u00e1nicos, altas monta\u00f1as, naturaleza selv\u00e1tica y vistas impresionantes hasta donde alcanza la vista. Este grupo de islas del extremo suroeste de Europa (a m\u00e1s de 1.370 km al oeste del continente, en el oc\u00e9ano Atl\u00e1ntico) pertenece administrativamente a Portugal y, l\u00f3gicamente, se habla portugu\u00e9s.\u00a0<\/p><p>Los miradores, llamados \u00abmiradouros\u00bb en las Azores, son puntos ideales donde realizar peque\u00f1as paradas para admirar las vistas m\u00e1s impresionantes de la isla y son la excusa perfecta para hacer excursiones. A pesar de que aqu\u00ed la tierra parece estar en constante movimiento, debido a peque\u00f1as sacudidas, los lugare\u00f1os no tienen miedo. Llevan los volcanes y los terremotos en el ADN.<\/p><p>Este archipi\u00e9lago consta de un total de 9 islas. Vamos a describir algunas de las m\u00e1s destacadas.\u00a0<\/p><p style=\"padding-left: 40px;\"><em><strong><img fetchpriority=\"high\" decoding=\"async\" class=\"size-medium wp-image-10270 alignleft\" src=\"https:\/\/www.heronaviation.com\/wp-content\/uploads\/2023\/05\/Ponto-Delgada-2-200x300.jpeg\" alt=\"\" width=\"200\" height=\"300\" srcset=\"https:\/\/www.heronaviation.com\/wp-content\/uploads\/2023\/05\/Ponto-Delgada-2-200x300.jpeg 200w, https:\/\/www.heronaviation.com\/wp-content\/uploads\/2023\/05\/Ponto-Delgada-2.jpeg 500w\" sizes=\"(max-width: 200px) 100vw, 200px\" \/>S\u00e3o Miguel: la isla alargada\u00a0<\/strong><\/em><\/p><p style=\"padding-left: 40px;\">Es la isla principal y una de sus principales caracter\u00edsticas es que inusualmente alargada. Alberga probablemente la oferta tur\u00edstica m\u00e1s amplia, as\u00ed como las mejores infraestructuras.\u00a0<\/p><p style=\"padding-left: 40px;\"><em><strong>Ponta Delgada<\/strong><\/em> es la capital de esta regi\u00f3n. Cerca del puerto se encuentra la puerta de la ciudad de tres arcos, <em><strong>Portas da Cidade<\/strong><\/em>. Tambi\u00e9n aqu\u00ed se halla la iglesia <em><strong>Igreja Matriz de S\u00e3o Sebasti\u00e3o<\/strong><\/em>, cuya fachada es de estilo g\u00f3tico. En la iglesia conventual <em><strong>Igreja da Nossa Senhora da Esperan\u00e7a<\/strong><\/em> destaca una estatua de Cristo muy venerada por los habitantes de la isla. Por \u00faltimo, el Museo<em><strong>\u00a0Carlos Machado<\/strong><\/em> ofrece una visi\u00f3n de la historia y la cultura de las Azores.<\/p><p style=\"padding-left: 40px;\">\u00a0<\/p><p style=\"padding-left: 40px;\">\u00a0<\/p><p>\u00a0<\/p><p style=\"padding-left: 40px;\"><em><strong><img decoding=\"async\" class=\"size-medium wp-image-10264 alignleft\" src=\"https:\/\/www.heronaviation.com\/wp-content\/uploads\/2023\/05\/Lagoa-verde-et-lagoa-azul-300x200.jpeg\" alt=\"\" width=\"300\" height=\"200\" srcset=\"https:\/\/www.heronaviation.com\/wp-content\/uploads\/2023\/05\/Lagoa-verde-et-lagoa-azul-300x200.jpeg 300w, https:\/\/www.heronaviation.com\/wp-content\/uploads\/2023\/05\/Lagoa-verde-et-lagoa-azul-1024x683.jpeg 1024w, https:\/\/www.heronaviation.com\/wp-content\/uploads\/2023\/05\/Lagoa-verde-et-lagoa-azul-768x512.jpeg 768w, https:\/\/www.heronaviation.com\/wp-content\/uploads\/2023\/05\/Lagoa-verde-et-lagoa-azul.jpeg 1125w\" sizes=\"(max-width: 300px) 100vw, 300px\" \/>La Caldeira das Sete Cidades <\/strong><\/em><\/p><p style=\"padding-left: 40px;\">Se trata de un enorme paisaje de cr\u00e1ter con varios lagos en el que se alza un pueblo del mismo nombre. Los dos lagos m\u00e1s famosos son el <em><strong>Lagoa Verde<\/strong><\/em> y el <em><strong>Lagoa Azul<\/strong><\/em>, que como su nombre indica, sus aguas en el primero son verdes y en el segundo son azules.\u00a0Una vieja leyenda sobre los amores prohibidos entre una princesa y un pastor explica el color de los lagos: el azul son las l\u00e1grimas derramadas por la princesa de ojos azules y el verde las de los ojos verdes del pastor.\u00a0<\/p><p style=\"padding-left: 40px;\">En esta zona, algunos de los miradores m\u00e1s destacados son el <em><strong>Miradouro da Vista do Rei<\/strong><\/em> y el de las ruinas del Hotel <em><strong>Monte Palace<\/strong><\/em>. Este \u00faltimo era un exclusivo hotel de 5 estrellas que en el a\u00f1o 1989 tuvo que declararse en quiebra.<\/p><p>\u00a0<\/p><p style=\"padding-left: 40px;\"><em><strong><img decoding=\"async\" class=\"size-medium wp-image-10279 alignleft\" src=\"https:\/\/www.heronaviation.com\/wp-content\/uploads\/2023\/05\/Sao-Jorge-300x200.jpg\" alt=\"\" width=\"300\" height=\"200\" srcset=\"https:\/\/www.heronaviation.com\/wp-content\/uploads\/2023\/05\/Sao-Jorge-300x200.jpg 300w, https:\/\/www.heronaviation.com\/wp-content\/uploads\/2023\/05\/Sao-Jorge-768x512.jpg 768w, https:\/\/www.heronaviation.com\/wp-content\/uploads\/2023\/05\/Sao-Jorge.jpg 960w\" sizes=\"(max-width: 300px) 100vw, 300px\" \/>S\u00e3o Jorge: la m\u00e1s verde de las Azores.<\/strong><\/em><\/p><p>Se trata de la isla m\u00e1s antigua y la m\u00e1s tranquila, por ello, es un para\u00edso para los excursionistas. Tambi\u00e9n es conocida por sus<em><strong> faj\u00e3s,<\/strong><\/em> es decir, promontorios al pie de los acantilados, como la <em><strong>Faj\u00e3 dos Cubres.\u00a0<\/strong><\/em><\/p><p style=\"padding-left: 40px;\">Otra de las caracter\u00edsticas de esta isla son sus quesos, debido a la cantidad de ganado vacuno que pasta en estos parajes. Otra particularidad es el modo de cultivo de la vid. Las vi\u00f1as crecen planas sobre el suelo negro de lava. Las vi\u00f1as est\u00e1n protegidas por muros para evitar que los vientos salinos las da\u00f1e. Desde 2004 son Patrimonio de la Humanidad de la UNESCO.\u00a0El trayecto desde la cumbre de 700 metros de altitud hasta la playa es muy singular.\u00a0<\/p><p>\u00a0<\/p><p style=\"padding-left: 40px;\"><em><strong><img loading=\"lazy\" decoding=\"async\" class=\"size-medium wp-image-10285 alignleft\" src=\"https:\/\/www.heronaviation.com\/wp-content\/uploads\/2023\/05\/Terceira-300x199.jpg\" alt=\"\" width=\"300\" height=\"199\" srcset=\"https:\/\/www.heronaviation.com\/wp-content\/uploads\/2023\/05\/Terceira-300x199.jpg 300w, https:\/\/www.heronaviation.com\/wp-content\/uploads\/2023\/05\/Terceira-768x509.jpg 768w, https:\/\/www.heronaviation.com\/wp-content\/uploads\/2023\/05\/Terceira.jpg 960w\" sizes=\"(max-width: 300px) 100vw, 300px\" \/>Terceira: tercera isla m\u00e1s grande de las Azores.<\/strong><\/em><\/p><p>La tercera mayor de las islas Azores tiene su propio peque\u00f1o aeropuerto, al que llegan vuelos de las dem\u00e1s islas y tambi\u00e9n del Portugal continental. Dentro de las Azores, el trayecto por avi\u00f3n de una isla a otra no sobrepasa los 30 minutos. <em><strong>La ciudad m\u00e1s bella de las Azores<\/strong><\/em> est\u00e1 en Terceira. Se trata de <em><strong>Angra do Heroismo<\/strong><\/em>, que tambi\u00e9n es la ciudad m\u00e1s antigua del archipi\u00e9lago. El casco antiguo fue declarado Patrimonio de la Humanidad por la UNESCO en 1983.<\/p><p>\u00a0<\/p><p style=\"padding-left: 40px;\"><em><strong><img loading=\"lazy\" decoding=\"async\" class=\"size-medium wp-image-10261 alignleft\" src=\"https:\/\/www.heronaviation.com\/wp-content\/uploads\/2023\/05\/Flores-azores-4490153_960_720-300x169.jpg\" alt=\"\" width=\"300\" height=\"169\" srcset=\"https:\/\/www.heronaviation.com\/wp-content\/uploads\/2023\/05\/Flores-azores-4490153_960_720-300x169.jpg 300w, https:\/\/www.heronaviation.com\/wp-content\/uploads\/2023\/05\/Flores-azores-4490153_960_720-768x432.jpg 768w, https:\/\/www.heronaviation.com\/wp-content\/uploads\/2023\/05\/Flores-azores-4490153_960_720.jpg 960w\" sizes=\"(max-width: 300px) 100vw, 300px\" \/>Flores &#8211; el punto m\u00e1s occidental de la Uni\u00f3n Europea<\/strong><\/em><\/p><p style=\"padding-left: 40px;\">Aunque es imposible elegir la isla m\u00e1s bonita en Azores, sin embargo, Flores encabeza la lista, a pesar de ser la m\u00e1s lluviosa y la m\u00e1s ventosa por los fuertes vientos del Oeste procedentes de Am\u00e9rica. Aqu\u00ed, las olas del oc\u00e9ano Atl\u00e1ntico y las de la corriente del Golfo se encuentran con tierra por primera vez despu\u00e9s de recorrer 3.500 km.<\/p><p>\u00a0<\/p><p style=\"padding-left: 40px;\"><em><strong><img loading=\"lazy\" decoding=\"async\" class=\"size-medium wp-image-10255 alignleft\" src=\"https:\/\/www.heronaviation.com\/wp-content\/uploads\/2023\/05\/Faial-3-300x169.jpg\" alt=\"\" width=\"300\" height=\"169\" srcset=\"https:\/\/www.heronaviation.com\/wp-content\/uploads\/2023\/05\/Faial-3-300x169.jpg 300w, https:\/\/www.heronaviation.com\/wp-content\/uploads\/2023\/05\/Faial-3-768x432.jpg 768w, https:\/\/www.heronaviation.com\/wp-content\/uploads\/2023\/05\/Faial-3.jpg 960w\" sizes=\"(max-width: 300px) 100vw, 300px\" \/>Faial \u2013 la isla azul<\/strong><\/em><\/p><p style=\"padding-left: 40px;\">Faial es la quinta isla m\u00e1s grande de las Azores. El apodo de \u00abazul\u00bb se debe a que, en verano, kil\u00f3metros de setos de hortensias azules adornan muchas de sus calles.\u00a0Desde verdes cr\u00e1teres cubiertos de vegetaci\u00f3n hasta \u00e1ridos paisajes volc\u00e1nicos de color marr\u00f3n y playas de lava negra, pasando por el azul profundo del oc\u00e9ano Atl\u00e1ntico, todos los paisajes de esta isla tienen una fuerza natural impactante.\u00a0\u00a0Adem\u00e1s de estos fascinantes fen\u00f3menos naturales, la ubicaci\u00f3n de Faial frente a la sublime Ponta do Pico tambi\u00e9n hace que la visita merezca la pena. Ya sea al amanecer o al atardecer, cuando este estratovolc\u00e1n emerge de entre las nubes, el ambiente es sencillamente m\u00e1gico.<\/p><p>\u00a0<\/p><p style=\"padding-left: 40px;\"><em><strong><img loading=\"lazy\" decoding=\"async\" class=\"size-medium wp-image-10267 alignleft\" src=\"https:\/\/www.heronaviation.com\/wp-content\/uploads\/2023\/05\/pico-300x199.jpg\" alt=\"\" width=\"300\" height=\"199\" srcset=\"https:\/\/www.heronaviation.com\/wp-content\/uploads\/2023\/05\/pico-300x199.jpg 300w, https:\/\/www.heronaviation.com\/wp-content\/uploads\/2023\/05\/pico-768x510.jpg 768w, https:\/\/www.heronaviation.com\/wp-content\/uploads\/2023\/05\/pico.jpg 960w\" sizes=\"(max-width: 300px) 100vw, 300px\" \/><\/strong><\/em><\/p><p>\u00a0<\/p><p>\u00a0<\/p><p style=\"padding-left: 40px;\"><em><strong>Pico<\/strong><\/em> &#8211; con el volc\u00e1n de su mismo nombre, <em><strong>Ponta do Pico<\/strong><\/em>, se sit\u00faa en el centro de la isla. Desde aqu\u00ed se puede viajar f\u00e1cilmente a Faial en ferry.<\/p><p>\u00a0<\/p><p>\u00a0<\/p><p>\u00a0<\/p><p style=\"padding-left: 40px;\"><em><strong><img loading=\"lazy\" decoding=\"async\" class=\"size-medium wp-image-10276 alignleft\" src=\"https:\/\/www.heronaviation.com\/wp-content\/uploads\/2023\/05\/santa-maria-azoren-300x200.jpg\" alt=\"\" width=\"300\" height=\"200\" srcset=\"https:\/\/www.heronaviation.com\/wp-content\/uploads\/2023\/05\/santa-maria-azoren-300x200.jpg 300w, https:\/\/www.heronaviation.com\/wp-content\/uploads\/2023\/05\/santa-maria-azoren-768x512.jpg 768w, https:\/\/www.heronaviation.com\/wp-content\/uploads\/2023\/05\/santa-maria-azoren.jpg 960w\" sizes=\"(max-width: 300px) 100vw, 300px\" \/>Santa Maria <\/strong><\/em>&#8211; <em><strong>\u00abSanta Mar\u00eda\u00bb es la isla m\u00e1s meridional y la tercera m\u00e1s peque\u00f1a de las Azores.<\/strong> <\/em>Se trata de la isla geol\u00f3gicamente m\u00e1s antigua de las Azores. Es conocida por su artesan\u00eda y alfarer\u00eda y cuenta con destiler\u00edas y procesamiento de pescado.<\/p><p>\u00a0<\/p><p>\u00a0<\/p><p>\u00a0<\/p><p style=\"padding-left: 40px;\"><em><strong>Graciosa<\/strong><\/em> &#8211; segunda isla m\u00e1s peque\u00f1a de las Azores. Junto con Faial, Pico, S\u00e3o Jorge y Terceira, forma el grupo central del archipi\u00e9lago y se encuentra al norte de este.<\/p><p style=\"padding-left: 40px;\"><em><strong>Corvo, la isla m\u00e1s peque\u00f1a<\/strong><\/em>\u00a0<\/p><p style=\"padding-left: 40px;\">En espa\u00f1ol \u00ab<em><strong>Cuervo<\/strong><\/em>\u00ab, es la isla de menor tama\u00f1o y cuenta con aer\u00f3dromo propio para aviones peque\u00f1os. Esta isla est\u00e1 formada por un volc\u00e1n extinto, el <em><strong>Monte Gordo,<\/strong> <\/em>que forma un \u00abcr\u00e1ter de 2 km de ancho y 300 m de profundidad, en cuyo fondo hay un lago llamado <em><strong>Lagoa do Caldeir\u00e3o<\/strong><\/em>.\u00a0En el extremo sur de la caldera se encuentra el <em><strong>Morro dos Homens<\/strong> <\/em>(\u00abCerro de los Hombres\u00bb), de 718 m de altitud, la mayor elevaci\u00f3n de la isla. Excepto en el sur, algo m\u00e1s llano, las costas de la isla se caracterizan por sus escarpados acantilados. La superficie est\u00e1 formada por verdes prados de cr\u00e1ter, t\u00edpicos de la isla, donde pastan las vacas. La carne y otros productos de la ganader\u00eda se venden en Lisboa y constituyen la base de los ingresos de los habitantes de Corvo.<\/p><p>\u00a0<\/p><p>Cada isla de las Azores es un peque\u00f1o mundo en s\u00ed mismo.<\/p><p>\u00bfQu\u00e9 le parece ir de isla en isla?<\/p><p>De mayo a octubre es la mejor \u00e9poca para viajar.<\/p><div>\u00a0<\/div><div>\u00a0<\/div>\t\t\t\t\t\t\t\t<\/div>\n\t\t\t\t<\/div>\n\t\t\t\t\t<\/div>\n\t\t<\/div>\n\t\t\t\t\t<\/div>\n\t\t<\/section>\n\t\t\t\t<\/div>\n\t\t","protected":false},"excerpt":{"rendered":"<p>La naturaleza de las Azores: profundos cr\u00e1teres volc\u00e1nicos, altas monta\u00f1as, naturaleza selv\u00e1tica y vistas impresionantes hasta donde alcanza la vista. Este grupo de islas del extremo suroeste de Europa (a m\u00e1s de 1.370 km al oeste del continente, en el oc\u00e9ano Atl\u00e1ntico) pertenece administrativamente a Portugal y, l\u00f3gicamente, se habla portugu\u00e9s. Los miradores, llamados \u00abmiradouros\u00bb [&hellip;]<\/p>\n","protected":false},"author":7,"featured_media":10247,"comment_status":"open","ping_status":"open","sticky":false,"template":"","format":"standard","meta":{"_acf_changed":false,"footnotes":""},"categories":[12],"tags":[],"class_list":["post-10316","post","type-post","status-publish","format-standard","has-post-thumbnail","hentry","category-sin-categorizar"],"acf":[],"yoast_head":"<!-- This site is optimized with the Yoast SEO Premium plugin v25.9 (Yoast SEO v27.5) - https:\/\/yoast.com\/product\/yoast-seo-premium-wordpress\/ -->\n<title>Las Azores, un verde para\u00edso en el Atl\u00e1ntico - Heron Aviation<\/title>\n<meta name=\"description\" content=\"La naturaleza de las Azores: profundos cr\u00e1teres volc\u00e1nicos, altas monta\u00f1as, naturaleza selv\u00e1tica y vistas impresionantes hasta donde alcanza la vista\" \/>\n<meta name=\"robots\" content=\"index, follow, max-snippet:-1, max-image-preview:large, max-video-preview:-1\" \/>\n<link rel=\"canonical\" href=\"https:\/\/www.heronaviation.com\/es\/las-azores-un-verde-paraiso-en-el-atlantico\/\" \/>\n<meta property=\"og:locale\" content=\"es_ES\" \/>\n<meta property=\"og:type\" content=\"article\" \/>\n<meta property=\"og:title\" content=\"Las Azores, un verde para\u00edso en el Atl\u00e1ntico\" \/>\n<meta property=\"og:description\" content=\"La naturaleza de las Azores: profundos cr\u00e1teres volc\u00e1nicos, altas monta\u00f1as, naturaleza selv\u00e1tica y vistas impresionantes hasta donde alcanza la vista\" \/>\n<meta property=\"og:url\" content=\"https:\/\/www.heronaviation.com\/es\/las-azores-un-verde-paraiso-en-el-atlantico\/\" \/>\n<meta property=\"og:site_name\" content=\"Heron Aviation\" \/>\n<meta property=\"article:published_time\" content=\"2023-06-15T09:33:00+00:00\" \/>\n<meta property=\"article:modified_time\" content=\"2023-06-15T14:14:04+00:00\" \/>\n<meta property=\"og:image\" content=\"https:\/\/www.heronaviation.com\/wp-content\/uploads\/2023\/05\/Sao-Miguel-do-Rio-Torto.jpeg\" \/>\n\t<meta property=\"og:image:width\" content=\"1124\" \/>\n\t<meta property=\"og:image:height\" content=\"750\" \/>\n\t<meta property=\"og:image:type\" content=\"image\/jpeg\" \/>\n<meta name=\"author\" content=\"Iris B\u00e4umle\" \/>\n<meta name=\"twitter:card\" content=\"summary_large_image\" \/>\n<meta name=\"twitter:label1\" content=\"Escrito por\" \/>\n\t<meta name=\"twitter:data1\" content=\"Iris B\u00e4umle\" \/>\n\t<meta name=\"twitter:label2\" content=\"Tiempo de lectura\" \/>\n\t<meta name=\"twitter:data2\" content=\"8 minutos\" \/>\n<script type=\"application\/ld+json\" class=\"yoast-schema-graph\">{\"@context\":\"https:\\\/\\\/schema.org\",\"@graph\":[{\"@type\":\"Article\",\"@id\":\"https:\\\/\\\/www.heronaviation.com\\\/es\\\/las-azores-un-verde-paraiso-en-el-atlantico\\\/#article\",\"isPartOf\":{\"@id\":\"https:\\\/\\\/www.heronaviation.com\\\/es\\\/las-azores-un-verde-paraiso-en-el-atlantico\\\/\"},\"author\":{\"name\":\"Iris B\u00e4umle\",\"@id\":\"https:\\\/\\\/www.heronaviation.com\\\/es\\\/#\\\/schema\\\/person\\\/30c693b9ca3a03f570cb9c65bdd3e8f0\"},\"headline\":\"Las Azores, un verde para\u00edso en el Atl\u00e1ntico\",\"datePublished\":\"2023-06-15T09:33:00+00:00\",\"dateModified\":\"2023-06-15T14:14:04+00:00\",\"mainEntityOfPage\":{\"@id\":\"https:\\\/\\\/www.heronaviation.com\\\/es\\\/las-azores-un-verde-paraiso-en-el-atlantico\\\/\"},\"wordCount\":1172,\"commentCount\":0,\"publisher\":{\"@id\":\"https:\\\/\\\/www.heronaviation.com\\\/es\\\/#organization\"},\"image\":{\"@id\":\"https:\\\/\\\/www.heronaviation.com\\\/es\\\/las-azores-un-verde-paraiso-en-el-atlantico\\\/#primaryimage\"},\"thumbnailUrl\":\"https:\\\/\\\/www.heronaviation.com\\\/wp-content\\\/uploads\\\/2023\\\/05\\\/Sao-Miguel-do-Rio-Torto.jpeg\",\"articleSection\":[\"Sin categorizar\"],\"inLanguage\":\"es\",\"potentialAction\":[{\"@type\":\"CommentAction\",\"name\":\"Comment\",\"target\":[\"https:\\\/\\\/www.heronaviation.com\\\/es\\\/las-azores-un-verde-paraiso-en-el-atlantico\\\/#respond\"]}]},{\"@type\":\"WebPage\",\"@id\":\"https:\\\/\\\/www.heronaviation.com\\\/es\\\/las-azores-un-verde-paraiso-en-el-atlantico\\\/\",\"url\":\"https:\\\/\\\/www.heronaviation.com\\\/es\\\/las-azores-un-verde-paraiso-en-el-atlantico\\\/\",\"name\":\"Las Azores, un verde para\u00edso en el Atl\u00e1ntico - Heron Aviation\",\"isPartOf\":{\"@id\":\"https:\\\/\\\/www.heronaviation.com\\\/es\\\/#website\"},\"primaryImageOfPage\":{\"@id\":\"https:\\\/\\\/www.heronaviation.com\\\/es\\\/las-azores-un-verde-paraiso-en-el-atlantico\\\/#primaryimage\"},\"image\":{\"@id\":\"https:\\\/\\\/www.heronaviation.com\\\/es\\\/las-azores-un-verde-paraiso-en-el-atlantico\\\/#primaryimage\"},\"thumbnailUrl\":\"https:\\\/\\\/www.heronaviation.com\\\/wp-content\\\/uploads\\\/2023\\\/05\\\/Sao-Miguel-do-Rio-Torto.jpeg\",\"datePublished\":\"2023-06-15T09:33:00+00:00\",\"dateModified\":\"2023-06-15T14:14:04+00:00\",\"description\":\"La naturaleza de las Azores: profundos cr\u00e1teres volc\u00e1nicos, altas monta\u00f1as, naturaleza selv\u00e1tica y vistas impresionantes hasta donde alcanza la vista\",\"breadcrumb\":{\"@id\":\"https:\\\/\\\/www.heronaviation.com\\\/es\\\/las-azores-un-verde-paraiso-en-el-atlantico\\\/#breadcrumb\"},\"inLanguage\":\"es\",\"potentialAction\":[{\"@type\":\"ReadAction\",\"target\":[\"https:\\\/\\\/www.heronaviation.com\\\/es\\\/las-azores-un-verde-paraiso-en-el-atlantico\\\/\"]}]},{\"@type\":\"ImageObject\",\"inLanguage\":\"es\",\"@id\":\"https:\\\/\\\/www.heronaviation.com\\\/es\\\/las-azores-un-verde-paraiso-en-el-atlantico\\\/#primaryimage\",\"url\":\"https:\\\/\\\/www.heronaviation.com\\\/wp-content\\\/uploads\\\/2023\\\/05\\\/Sao-Miguel-do-Rio-Torto.jpeg\",\"contentUrl\":\"https:\\\/\\\/www.heronaviation.com\\\/wp-content\\\/uploads\\\/2023\\\/05\\\/Sao-Miguel-do-Rio-Torto.jpeg\",\"width\":1124,\"height\":750},{\"@type\":\"BreadcrumbList\",\"@id\":\"https:\\\/\\\/www.heronaviation.com\\\/es\\\/las-azores-un-verde-paraiso-en-el-atlantico\\\/#breadcrumb\",\"itemListElement\":[{\"@type\":\"ListItem\",\"position\":1,\"name\":\"P\u00e1gina Inicial\",\"item\":\"https:\\\/\\\/www.heronaviation.com\\\/es\\\/\"},{\"@type\":\"ListItem\",\"position\":2,\"name\":\"Las Azores, un verde para\u00edso en el Atl\u00e1ntico\"}]},{\"@type\":\"WebSite\",\"@id\":\"https:\\\/\\\/www.heronaviation.com\\\/es\\\/#website\",\"url\":\"https:\\\/\\\/www.heronaviation.com\\\/es\\\/\",\"name\":\"Heron Aviation\",\"description\":\"Discretion, Safety, Trust\",\"publisher\":{\"@id\":\"https:\\\/\\\/www.heronaviation.com\\\/es\\\/#organization\"},\"potentialAction\":[{\"@type\":\"SearchAction\",\"target\":{\"@type\":\"EntryPoint\",\"urlTemplate\":\"https:\\\/\\\/www.heronaviation.com\\\/es\\\/?s={search_term_string}\"},\"query-input\":{\"@type\":\"PropertyValueSpecification\",\"valueRequired\":true,\"valueName\":\"search_term_string\"}}],\"inLanguage\":\"es\"},{\"@type\":\"Organization\",\"@id\":\"https:\\\/\\\/www.heronaviation.com\\\/es\\\/#organization\",\"name\":\"Heron Aviation GmbH\",\"url\":\"https:\\\/\\\/www.heronaviation.com\\\/es\\\/\",\"logo\":{\"@type\":\"ImageObject\",\"inLanguage\":\"es\",\"@id\":\"https:\\\/\\\/www.heronaviation.com\\\/es\\\/#\\\/schema\\\/logo\\\/image\\\/\",\"url\":\"https:\\\/\\\/www.heronaviation.com\\\/wp-content\\\/uploads\\\/2021\\\/05\\\/cropped-Heron-Logo-Transparent-1.png\",\"contentUrl\":\"https:\\\/\\\/www.heronaviation.com\\\/wp-content\\\/uploads\\\/2021\\\/05\\\/cropped-Heron-Logo-Transparent-1.png\",\"width\":934,\"height\":267,\"caption\":\"Heron Aviation GmbH\"},\"image\":{\"@id\":\"https:\\\/\\\/www.heronaviation.com\\\/es\\\/#\\\/schema\\\/logo\\\/image\\\/\"}},{\"@type\":\"Person\",\"@id\":\"https:\\\/\\\/www.heronaviation.com\\\/es\\\/#\\\/schema\\\/person\\\/30c693b9ca3a03f570cb9c65bdd3e8f0\",\"name\":\"Iris B\u00e4umle\",\"image\":{\"@type\":\"ImageObject\",\"inLanguage\":\"es\",\"@id\":\"https:\\\/\\\/secure.gravatar.com\\\/avatar\\\/e5eb9df4d16362205c6751ec9581f4b44c6820d2ec602cd8e99743b6bcd4d126?s=96&d=mm&r=g\",\"url\":\"https:\\\/\\\/secure.gravatar.com\\\/avatar\\\/e5eb9df4d16362205c6751ec9581f4b44c6820d2ec602cd8e99743b6bcd4d126?s=96&d=mm&r=g\",\"contentUrl\":\"https:\\\/\\\/secure.gravatar.com\\\/avatar\\\/e5eb9df4d16362205c6751ec9581f4b44c6820d2ec602cd8e99743b6bcd4d126?s=96&d=mm&r=g\",\"caption\":\"Iris B\u00e4umle\"}}]}<\/script>\n<!-- \/ Yoast SEO Premium plugin. -->","yoast_head_json":{"title":"Las Azores, un verde para\u00edso en el Atl\u00e1ntico - Heron Aviation","description":"La naturaleza de las Azores: profundos cr\u00e1teres volc\u00e1nicos, altas monta\u00f1as, naturaleza selv\u00e1tica y vistas impresionantes hasta donde alcanza la vista","robots":{"index":"index","follow":"follow","max-snippet":"max-snippet:-1","max-image-preview":"max-image-preview:large","max-video-preview":"max-video-preview:-1"},"canonical":"https:\/\/www.heronaviation.com\/es\/las-azores-un-verde-paraiso-en-el-atlantico\/","og_locale":"es_ES","og_type":"article","og_title":"Las Azores, un verde para\u00edso en el Atl\u00e1ntico","og_description":"La naturaleza de las Azores: profundos cr\u00e1teres volc\u00e1nicos, altas monta\u00f1as, naturaleza selv\u00e1tica y vistas impresionantes hasta donde alcanza la vista","og_url":"https:\/\/www.heronaviation.com\/es\/las-azores-un-verde-paraiso-en-el-atlantico\/","og_site_name":"Heron Aviation","article_published_time":"2023-06-15T09:33:00+00:00","article_modified_time":"2023-06-15T14:14:04+00:00","og_image":[{"width":1124,"height":750,"url":"https:\/\/www.heronaviation.com\/wp-content\/uploads\/2023\/05\/Sao-Miguel-do-Rio-Torto.jpeg","type":"image\/jpeg"}],"author":"Iris B\u00e4umle","twitter_card":"summary_large_image","twitter_misc":{"Escrito por":"Iris B\u00e4umle","Tiempo de lectura":"8 minutos"},"schema":{"@context":"https:\/\/schema.org","@graph":[{"@type":"Article","@id":"https:\/\/www.heronaviation.com\/es\/las-azores-un-verde-paraiso-en-el-atlantico\/#article","isPartOf":{"@id":"https:\/\/www.heronaviation.com\/es\/las-azores-un-verde-paraiso-en-el-atlantico\/"},"author":{"name":"Iris B\u00e4umle","@id":"https:\/\/www.heronaviation.com\/es\/#\/schema\/person\/30c693b9ca3a03f570cb9c65bdd3e8f0"},"headline":"Las Azores, un verde para\u00edso en el Atl\u00e1ntico","datePublished":"2023-06-15T09:33:00+00:00","dateModified":"2023-06-15T14:14:04+00:00","mainEntityOfPage":{"@id":"https:\/\/www.heronaviation.com\/es\/las-azores-un-verde-paraiso-en-el-atlantico\/"},"wordCount":1172,"commentCount":0,"publisher":{"@id":"https:\/\/www.heronaviation.com\/es\/#organization"},"image":{"@id":"https:\/\/www.heronaviation.com\/es\/las-azores-un-verde-paraiso-en-el-atlantico\/#primaryimage"},"thumbnailUrl":"https:\/\/www.heronaviation.com\/wp-content\/uploads\/2023\/05\/Sao-Miguel-do-Rio-Torto.jpeg","articleSection":["Sin categorizar"],"inLanguage":"es","potentialAction":[{"@type":"CommentAction","name":"Comment","target":["https:\/\/www.heronaviation.com\/es\/las-azores-un-verde-paraiso-en-el-atlantico\/#respond"]}]},{"@type":"WebPage","@id":"https:\/\/www.heronaviation.com\/es\/las-azores-un-verde-paraiso-en-el-atlantico\/","url":"https:\/\/www.heronaviation.com\/es\/las-azores-un-verde-paraiso-en-el-atlantico\/","name":"Las Azores, un verde para\u00edso en el Atl\u00e1ntico - Heron Aviation","isPartOf":{"@id":"https:\/\/www.heronaviation.com\/es\/#website"},"primaryImageOfPage":{"@id":"https:\/\/www.heronaviation.com\/es\/las-azores-un-verde-paraiso-en-el-atlantico\/#primaryimage"},"image":{"@id":"https:\/\/www.heronaviation.com\/es\/las-azores-un-verde-paraiso-en-el-atlantico\/#primaryimage"},"thumbnailUrl":"https:\/\/www.heronaviation.com\/wp-content\/uploads\/2023\/05\/Sao-Miguel-do-Rio-Torto.jpeg","datePublished":"2023-06-15T09:33:00+00:00","dateModified":"2023-06-15T14:14:04+00:00","description":"La naturaleza de las Azores: profundos cr\u00e1teres volc\u00e1nicos, altas monta\u00f1as, naturaleza selv\u00e1tica y vistas impresionantes hasta donde alcanza la vista","breadcrumb":{"@id":"https:\/\/www.heronaviation.com\/es\/las-azores-un-verde-paraiso-en-el-atlantico\/#breadcrumb"},"inLanguage":"es","potentialAction":[{"@type":"ReadAction","target":["https:\/\/www.heronaviation.com\/es\/las-azores-un-verde-paraiso-en-el-atlantico\/"]}]},{"@type":"ImageObject","inLanguage":"es","@id":"https:\/\/www.heronaviation.com\/es\/las-azores-un-verde-paraiso-en-el-atlantico\/#primaryimage","url":"https:\/\/www.heronaviation.com\/wp-content\/uploads\/2023\/05\/Sao-Miguel-do-Rio-Torto.jpeg","contentUrl":"https:\/\/www.heronaviation.com\/wp-content\/uploads\/2023\/05\/Sao-Miguel-do-Rio-Torto.jpeg","width":1124,"height":750},{"@type":"BreadcrumbList","@id":"https:\/\/www.heronaviation.com\/es\/las-azores-un-verde-paraiso-en-el-atlantico\/#breadcrumb","itemListElement":[{"@type":"ListItem","position":1,"name":"P\u00e1gina Inicial","item":"https:\/\/www.heronaviation.com\/es\/"},{"@type":"ListItem","position":2,"name":"Las Azores, un verde para\u00edso en el Atl\u00e1ntico"}]},{"@type":"WebSite","@id":"https:\/\/www.heronaviation.com\/es\/#website","url":"https:\/\/www.heronaviation.com\/es\/","name":"Heron Aviation","description":"Discretion, Safety, Trust","publisher":{"@id":"https:\/\/www.heronaviation.com\/es\/#organization"},"potentialAction":[{"@type":"SearchAction","target":{"@type":"EntryPoint","urlTemplate":"https:\/\/www.heronaviation.com\/es\/?s={search_term_string}"},"query-input":{"@type":"PropertyValueSpecification","valueRequired":true,"valueName":"search_term_string"}}],"inLanguage":"es"},{"@type":"Organization","@id":"https:\/\/www.heronaviation.com\/es\/#organization","name":"Heron Aviation GmbH","url":"https:\/\/www.heronaviation.com\/es\/","logo":{"@type":"ImageObject","inLanguage":"es","@id":"https:\/\/www.heronaviation.com\/es\/#\/schema\/logo\/image\/","url":"https:\/\/www.heronaviation.com\/wp-content\/uploads\/2021\/05\/cropped-Heron-Logo-Transparent-1.png","contentUrl":"https:\/\/www.heronaviation.com\/wp-content\/uploads\/2021\/05\/cropped-Heron-Logo-Transparent-1.png","width":934,"height":267,"caption":"Heron Aviation GmbH"},"image":{"@id":"https:\/\/www.heronaviation.com\/es\/#\/schema\/logo\/image\/"}},{"@type":"Person","@id":"https:\/\/www.heronaviation.com\/es\/#\/schema\/person\/30c693b9ca3a03f570cb9c65bdd3e8f0","name":"Iris B\u00e4umle","image":{"@type":"ImageObject","inLanguage":"es","@id":"https:\/\/secure.gravatar.com\/avatar\/e5eb9df4d16362205c6751ec9581f4b44c6820d2ec602cd8e99743b6bcd4d126?s=96&d=mm&r=g","url":"https:\/\/secure.gravatar.com\/avatar\/e5eb9df4d16362205c6751ec9581f4b44c6820d2ec602cd8e99743b6bcd4d126?s=96&d=mm&r=g","contentUrl":"https:\/\/secure.gravatar.com\/avatar\/e5eb9df4d16362205c6751ec9581f4b44c6820d2ec602cd8e99743b6bcd4d126?s=96&d=mm&r=g","caption":"Iris B\u00e4umle"}}]}},"_links":{"self":[{"href":"https:\/\/www.heronaviation.com\/es\/wp-json\/wp\/v2\/posts\/10316","targetHints":{"allow":["GET"]}}],"collection":[{"href":"https:\/\/www.heronaviation.com\/es\/wp-json\/wp\/v2\/posts"}],"about":[{"href":"https:\/\/www.heronaviation.com\/es\/wp-json\/wp\/v2\/types\/post"}],"author":[{"embeddable":true,"href":"https:\/\/www.heronaviation.com\/es\/wp-json\/wp\/v2\/users\/7"}],"replies":[{"embeddable":true,"href":"https:\/\/www.heronaviation.com\/es\/wp-json\/wp\/v2\/comments?post=10316"}],"version-history":[{"count":24,"href":"https:\/\/www.heronaviation.com\/es\/wp-json\/wp\/v2\/posts\/10316\/revisions"}],"predecessor-version":[{"id":10344,"href":"https:\/\/www.heronaviation.com\/es\/wp-json\/wp\/v2\/posts\/10316\/revisions\/10344"}],"wp:featuredmedia":[{"embeddable":true,"href":"https:\/\/www.heronaviation.com\/es\/wp-json\/wp\/v2\/media\/10247"}],"wp:attachment":[{"href":"https:\/\/www.heronaviation.com\/es\/wp-json\/wp\/v2\/media?parent=10316"}],"wp:term":[{"taxonomy":"category","embeddable":true,"href":"https:\/\/www.heronaviation.com\/es\/wp-json\/wp\/v2\/categories?post=10316"},{"taxonomy":"post_tag","embeddable":true,"href":"https:\/\/www.heronaviation.com\/es\/wp-json\/wp\/v2\/tags?post=10316"}],"curies":[{"name":"wp","href":"https:\/\/api.w.org\/{rel}","templated":true}]}}