{"id":10452,"date":"2023-06-21T11:52:25","date_gmt":"2023-06-21T09:52:25","guid":{"rendered":"https:\/\/www.heronaviation.com\/?p=10452"},"modified":"2023-06-22T15:15:49","modified_gmt":"2023-06-22T13:15:49","slug":"barcelona-la-joya-del-modernismo-en-el-corazon-del-mediterraneo","status":"publish","type":"post","link":"https:\/\/www.heronaviation.com\/es\/barcelona-la-joya-del-modernismo-en-el-corazon-del-mediterraneo\/","title":{"rendered":"Barcelona, la joya del modernismo en el coraz\u00f3n del Mediterr\u00e1neo"},"content":{"rendered":"\t\t<div data-elementor-type=\"wp-post\" data-elementor-id=\"10452\" class=\"elementor elementor-10452\" data-elementor-post-type=\"post\">\n\t\t\t\t\t\t<section class=\"elementor-section elementor-top-section elementor-element elementor-element-180d7df2 elementor-section-boxed elementor-section-height-default elementor-section-height-default\" data-id=\"180d7df2\" data-element_type=\"section\" data-settings=\"{&quot;jet_parallax_layout_list&quot;:[{&quot;jet_parallax_layout_image&quot;:{&quot;url&quot;:&quot;&quot;,&quot;id&quot;:&quot;&quot;,&quot;size&quot;:&quot;&quot;},&quot;_id&quot;:&quot;f04db7b&quot;,&quot;jet_parallax_layout_image_tablet&quot;:{&quot;url&quot;:&quot;&quot;,&quot;id&quot;:&quot;&quot;,&quot;size&quot;:&quot;&quot;},&quot;jet_parallax_layout_image_mobile&quot;:{&quot;url&quot;:&quot;&quot;,&quot;id&quot;:&quot;&quot;,&quot;size&quot;:&quot;&quot;},&quot;jet_parallax_layout_speed&quot;:{&quot;unit&quot;:&quot;%&quot;,&quot;size&quot;:50,&quot;sizes&quot;:[]},&quot;jet_parallax_layout_type&quot;:&quot;scroll&quot;,&quot;jet_parallax_layout_direction&quot;:&quot;1&quot;,&quot;jet_parallax_layout_fx_direction&quot;:null,&quot;jet_parallax_layout_z_index&quot;:&quot;&quot;,&quot;jet_parallax_layout_bg_x&quot;:50,&quot;jet_parallax_layout_bg_x_tablet&quot;:&quot;&quot;,&quot;jet_parallax_layout_bg_x_mobile&quot;:&quot;&quot;,&quot;jet_parallax_layout_bg_y&quot;:50,&quot;jet_parallax_layout_bg_y_tablet&quot;:&quot;&quot;,&quot;jet_parallax_layout_bg_y_mobile&quot;:&quot;&quot;,&quot;jet_parallax_layout_bg_size&quot;:&quot;auto&quot;,&quot;jet_parallax_layout_bg_size_tablet&quot;:&quot;&quot;,&quot;jet_parallax_layout_bg_size_mobile&quot;:&quot;&quot;,&quot;jet_parallax_layout_animation_prop&quot;:&quot;transform&quot;,&quot;jet_parallax_layout_on&quot;:[&quot;desktop&quot;,&quot;tablet&quot;]}]}\">\n\t\t\t\t\t\t<div class=\"elementor-container elementor-column-gap-default\">\n\t\t\t\t\t<div class=\"elementor-column elementor-col-100 elementor-top-column elementor-element elementor-element-55890b87\" data-id=\"55890b87\" data-element_type=\"column\">\n\t\t\t<div class=\"elementor-widget-wrap elementor-element-populated\">\n\t\t\t\t\t\t<div class=\"elementor-element elementor-element-5d0ca40f elementor-widget elementor-widget-text-editor\" data-id=\"5d0ca40f\" data-element_type=\"widget\" data-widget_type=\"text-editor.default\">\n\t\t\t\t<div class=\"elementor-widget-container\">\n\t\t\t\t\t\t\t\t\t<p>\u00a0<\/p><div>\u00a0<\/div><div>\u00a0<\/div>\t\t\t\t\t\t\t\t<\/div>\n\t\t\t\t<\/div>\n\t\t\t\t\t<\/div>\n\t\t<\/div>\n\t\t\t\t\t<\/div>\n\t\t<\/section>\n\t\t\t\t<section class=\"elementor-section elementor-top-section elementor-element elementor-element-58cca7c elementor-section-boxed elementor-section-height-default elementor-section-height-default\" data-id=\"58cca7c\" data-element_type=\"section\" data-settings=\"{&quot;jet_parallax_layout_list&quot;:[]}\">\n\t\t\t\t\t\t<div class=\"elementor-container elementor-column-gap-default\">\n\t\t\t\t\t<div class=\"elementor-column elementor-col-100 elementor-top-column elementor-element elementor-element-8b4ecb5\" data-id=\"8b4ecb5\" data-element_type=\"column\">\n\t\t\t<div class=\"elementor-widget-wrap\">\n\t\t\t\t\t\t\t<\/div>\n\t\t<\/div>\n\t\t\t\t\t<\/div>\n\t\t<\/section>\n\t\t\t\t<section class=\"elementor-section elementor-top-section elementor-element elementor-element-2cfe0ab elementor-section-boxed elementor-section-height-default elementor-section-height-default\" data-id=\"2cfe0ab\" data-element_type=\"section\" data-settings=\"{&quot;jet_parallax_layout_list&quot;:[]}\">\n\t\t\t\t\t\t<div class=\"elementor-container elementor-column-gap-default\">\n\t\t\t\t\t<div class=\"elementor-column elementor-col-100 elementor-top-column elementor-element elementor-element-44b7e53\" data-id=\"44b7e53\" data-element_type=\"column\">\n\t\t\t<div class=\"elementor-widget-wrap elementor-element-populated\">\n\t\t\t\t\t\t<div class=\"elementor-element elementor-element-20fdd70 elementor-widget elementor-widget-text-editor\" data-id=\"20fdd70\" data-element_type=\"widget\" data-widget_type=\"text-editor.default\">\n\t\t\t\t<div class=\"elementor-widget-container\">\n\t\t\t\t\t\t\t\t\t<h4><em><strong>Barcelona, la joya del modernismo en el coraz\u00f3n del Mediterr\u00e1neo<\/strong><\/em><\/h4><p>Barcelona, la segunda ciudad m\u00e1s grande de Espa\u00f1a, es conocida como la ciudad m\u00e1s cosmopolita de la Comunidad Aut\u00f3noma de Catalu\u00f1a y est\u00e1 situada directamente en la costa mediterr\u00e1nea. Barcelona es conocida sobre todo por sus obras de arte y su arquitectura. Pero eso no es todo: un gran equipo de f\u00fatbol, maravillosas playas y deliciosas tapas forman tambi\u00e9n parte de ella.<\/p><p>Una peque\u00f1a selecci\u00f3n de lo m\u00e1s destacado de esta ciudad:<\/p><h5><em><strong><img fetchpriority=\"high\" decoding=\"async\" class=\"size-medium wp-image-10396 alignleft\" src=\"https:\/\/www.heronaviation.com\/wp-content\/uploads\/2023\/06\/sagrada-familia-552084_960_720-300x251.webp\" alt=\"\" width=\"300\" height=\"251\" srcset=\"https:\/\/www.heronaviation.com\/wp-content\/uploads\/2023\/06\/sagrada-familia-552084_960_720-300x251.webp 300w, https:\/\/www.heronaviation.com\/wp-content\/uploads\/2023\/06\/sagrada-familia-552084_960_720-768x643.webp 768w, https:\/\/www.heronaviation.com\/wp-content\/uploads\/2023\/06\/sagrada-familia-552084_960_720.webp 860w\" sizes=\"(max-width: 300px) 100vw, 300px\" \/><\/strong><\/em><\/h5><h5><em><strong>Sagrada Familia &#8211; La obra de arte m\u00e1s simb\u00f3lica de Gaud\u00ed<\/strong><\/em><\/h5><p>La Sagrada Familia es quiz\u00e1 el edificio m\u00e1s caracter\u00edstico y conocido de la ciudad de Barcelona. La imponente iglesia es la m\u00e1xima expresi\u00f3n del modernismo creado por el arquitecto catal\u00e1n Antonio Gaud\u00ed. Su construcci\u00f3n comenz\u00f3 en 1882, sin embargo, a\u00fan est\u00e1 inacabada porque su creador muri\u00f3 en el a\u00f1o 1926, dejando el proyecto inacabado. Gracias a la conservaci\u00f3n de los planos, esta gran obra va convirti\u00e9ndose poco a poco en una realidad. En 2010, el Papa Benedicto XVI elev\u00f3 esta iglesia al rango de bas\u00edlica pontificia menor.<\/p><p>\u00a0<\/p><p><img decoding=\"async\" class=\"size-medium wp-image-10390 alignleft\" src=\"https:\/\/www.heronaviation.com\/wp-content\/uploads\/2023\/06\/passeig_de_gracia2-300x200.jpg\" alt=\"\" width=\"300\" height=\"200\" srcset=\"https:\/\/www.heronaviation.com\/wp-content\/uploads\/2023\/06\/passeig_de_gracia2-300x200.jpg 300w, https:\/\/www.heronaviation.com\/wp-content\/uploads\/2023\/06\/passeig_de_gracia2-1024x684.jpg 1024w, https:\/\/www.heronaviation.com\/wp-content\/uploads\/2023\/06\/passeig_de_gracia2-768x513.jpg 768w, https:\/\/www.heronaviation.com\/wp-content\/uploads\/2023\/06\/passeig_de_gracia2-1536x1026.jpg 1536w, https:\/\/www.heronaviation.com\/wp-content\/uploads\/2023\/06\/passeig_de_gracia2-scaled.jpg 1920w\" sizes=\"(max-width: 300px) 100vw, 300px\" \/><em><strong>Passeig de Gr\u00e0cia &#8211; un paseo por el modernismo m\u00e1s elegante<\/strong><\/em><\/p><p>Ella es una de las calles m\u00e1s prestigiosas y elegantes de Barcelona. Es un aut\u00e9ntico escaparate de destacadas obras de la arquitectura modernista, como los edificios de los arquitectos Antonio Gaud\u00ed y Llu\u00eds Dom\u00e8nech i Montaner, declarados Patrimonio de la Humanidad. Sus or\u00edgenes se remontan a la \u00e9poca romana, cuando formaba parte de la V\u00eda Augusta. En la Edad Media, el Portal dels Orbs (Portal de los Ciegos) era la entrada a la ciudad, que ahora se llama Portal de l\u2019\u00c0ngel y es una zona peatonal.<\/p><p>\u00a0<\/p><h5><em><strong><img decoding=\"async\" class=\"size-medium wp-image-10359 alignleft\" src=\"https:\/\/www.heronaviation.com\/wp-content\/uploads\/2023\/06\/Camp-Nou-300x225.jpeg\" alt=\"\" width=\"300\" height=\"225\" srcset=\"https:\/\/www.heronaviation.com\/wp-content\/uploads\/2023\/06\/Camp-Nou-300x225.jpeg 300w, https:\/\/www.heronaviation.com\/wp-content\/uploads\/2023\/06\/Camp-Nou-1024x768.jpeg 1024w, https:\/\/www.heronaviation.com\/wp-content\/uploads\/2023\/06\/Camp-Nou-768x576.jpeg 768w, https:\/\/www.heronaviation.com\/wp-content\/uploads\/2023\/06\/Camp-Nou-1536x1152.jpeg 1536w, https:\/\/www.heronaviation.com\/wp-content\/uploads\/2023\/06\/Camp-Nou.jpeg 1920w\" sizes=\"(max-width: 300px) 100vw, 300px\" \/>Camp Nou: m\u00e1s que un estadio de f\u00fatbol<\/strong><\/em><\/h5><p>Es el sue\u00f1o de todo aficionado al f\u00fatbol. Es el estadio de f\u00fatbol m\u00e1s grande de Europa y el tercero del mundo. El Camp Nou tiene capacidad para casi 100.000 aficionados y alberga la sede oficial del F\u00fatbol Club Barcelona, as\u00ed como el \u201cMuseo\u201d, el museo del club, que es uno de los m\u00e1s visitados de Catalu\u00f1a.<\/p><p>\u00a0<\/p><p>\u00a0<\/p><h5><em><strong><img loading=\"lazy\" decoding=\"async\" class=\"size-medium wp-image-10384 alignleft\" src=\"https:\/\/www.heronaviation.com\/wp-content\/uploads\/2023\/06\/park-gueell-300x211.jpeg\" alt=\"\" width=\"300\" height=\"211\" srcset=\"https:\/\/www.heronaviation.com\/wp-content\/uploads\/2023\/06\/park-gueell-300x211.jpeg 300w, https:\/\/www.heronaviation.com\/wp-content\/uploads\/2023\/06\/park-gueell-1024x720.jpeg 1024w, https:\/\/www.heronaviation.com\/wp-content\/uploads\/2023\/06\/park-gueell-768x540.jpeg 768w, https:\/\/www.heronaviation.com\/wp-content\/uploads\/2023\/06\/park-gueell-1536x1080.jpeg 1536w, https:\/\/www.heronaviation.com\/wp-content\/uploads\/2023\/06\/park-gueell.jpeg 1920w\" sizes=\"(max-width: 300px) 100vw, 300px\" \/>Parque G\u00fcell<\/strong><\/em><\/h5><p>Admirar el colorido arte en mosaico de Antoni Gaud\u00ed, como la Escalera del Drag\u00f3n con su mundialmente famosa salamandra, es uno de los mayores regalos que ofrece este parque al turista. Escapar del ajetreo de la ciudad, pasearse por los verdes Jardines de Austria o hacer las mejores fotos de Barcelona desde sus miradores, son algunas de las atracciones que ofrece el parque. El proyecto del parque fue entregado a Gaud\u00ed por Eusebi G\u00fcell, un empresario catal\u00e1n que quer\u00eda recrear un parque residencial brit\u00e1nico en Muntanya Pelada. El parque fue inaugurado como parque urbano en 1926, reconocido como monumento art\u00edstico en 1969 y declarado Patrimonio de la Humanidad por la UNESCO en 1984.<\/p><h5><em><strong><img loading=\"lazy\" decoding=\"async\" class=\"size-medium wp-image-10362 alignleft\" src=\"https:\/\/www.heronaviation.com\/wp-content\/uploads\/2023\/06\/Casa-battlo-1-300x200.jpg\" alt=\"\" width=\"300\" height=\"200\" srcset=\"https:\/\/www.heronaviation.com\/wp-content\/uploads\/2023\/06\/Casa-battlo-1-300x200.jpg 300w, https:\/\/www.heronaviation.com\/wp-content\/uploads\/2023\/06\/Casa-battlo-1-768x513.jpg 768w, https:\/\/www.heronaviation.com\/wp-content\/uploads\/2023\/06\/Casa-battlo-1.jpg 959w\" sizes=\"(max-width: 300px) 100vw, 300px\" \/>Casa Batll\u00f3 Gaud\u00ed<\/strong><\/em><\/h5><p>Un viaje fascinante a trav\u00e9s de la magia de la Casa Batll\u00f3. Utilizando una audiogu\u00eda y una tablet de realidad aumentada, esta casa cobra vida, llev\u00e1ndote a una experiencia inmersiva con la ayuda de la IA, la realidad aumentada y el aprendizaje autom\u00e1tico. Destacan la C\u00fapula Gaud\u00ed (la primera sala con una c\u00fapula con m\u00e1s de mil pantallas) y el Cubo Gaud\u00ed (un cubo LED de seis caras, \u00fanico en el mundo). Entre las novedades destacan el nuevo n\u00facleo de comunicaci\u00f3n vertical dise\u00f1ado por el arquitecto japon\u00e9s Kengo Kuma, la escalera flotante de trece toneladas de m\u00e1rmol pulido suspendida en el aire, el primer mapping interior de seis caras sobre un patio de luces de Gaud\u00ed y la nueva tienda \u00abSimbolic\u00bb.<\/p><p>\u00a0<\/p><h5><em><strong><img loading=\"lazy\" decoding=\"async\" class=\"size-medium wp-image-10371 alignleft\" src=\"https:\/\/www.heronaviation.com\/wp-content\/uploads\/2023\/06\/museu-picasso-300x225.jpg\" alt=\"\" width=\"300\" height=\"225\" srcset=\"https:\/\/www.heronaviation.com\/wp-content\/uploads\/2023\/06\/museu-picasso-300x225.jpg 300w, https:\/\/www.heronaviation.com\/wp-content\/uploads\/2023\/06\/museu-picasso-768x575.jpg 768w, https:\/\/www.heronaviation.com\/wp-content\/uploads\/2023\/06\/museu-picasso.jpg 800w\" sizes=\"(max-width: 300px) 100vw, 300px\" \/>Museo Picasso<\/strong><\/em><\/h5><p>Explore el mundo de Picasso, el famoso y exc\u00e9ntrico pintor espa\u00f1ol. Este museo \u00fanico alberga una de las colecciones de obras de Picasso de su juventud m\u00e1s importantes del mundo. Muestra la evoluci\u00f3n de sus estilos, desde el cl\u00e1sico hasta su invenci\u00f3n del cubismo. Situado en un edificio hist\u00f3rico, el Museu Picasso se encuentra cerca del lugar donde el pintor realiz\u00f3 su \u00faltimo estudio, antes de marcharse a Par\u00eds. Lo m\u00e1s destacado del museo son algunas de sus obras posteriores, como una serie de interpretaciones de Las Meninas de Vel\u00e1zquez de 1957, as\u00ed como cer\u00e1micas y grabados.<\/p><p>\u00a0<\/p><h5><em><strong><img loading=\"lazy\" decoding=\"async\" class=\"size-medium wp-image-10368 alignleft\" src=\"https:\/\/www.heronaviation.com\/wp-content\/uploads\/2023\/06\/casa-mila1-300x201.jpg\" alt=\"\" width=\"300\" height=\"201\" srcset=\"https:\/\/www.heronaviation.com\/wp-content\/uploads\/2023\/06\/casa-mila1-300x201.jpg 300w, https:\/\/www.heronaviation.com\/wp-content\/uploads\/2023\/06\/casa-mila1-1024x686.jpg 1024w, https:\/\/www.heronaviation.com\/wp-content\/uploads\/2023\/06\/casa-mila1-768x514.jpg 768w, https:\/\/www.heronaviation.com\/wp-content\/uploads\/2023\/06\/casa-mila1.jpg 1280w\" sizes=\"(max-width: 300px) 100vw, 300px\" \/>Casa Mil\u00e1 &#8211; Residencia La Pedrera<\/strong><\/em><\/h5><p>La Casa Mil\u00e1 es uno de los edificios m\u00e1s destacados e innovadores del siglo XX, construido por el arquitecto estrella Antoni Gaud\u00ed. Detr\u00e1s de la fachada del extraordinario edificio, en el elegante bulevar Passeig de Gr\u00e0cia, se pueden admirar las llamativas escaleras, as\u00ed como las chimeneas en forma de sacacorchos, aut\u00e9nticos hitos de la Barcelona de Gaud\u00ed. En el \u00e1tico de la casa le espera la exposici\u00f3n \u00abEspai Gaud\u00ed\u00bb, la \u00fanica dedicada \u00edntegramente a la vida y obra de este genial arquitecto.<\/p><p>\u00a0<\/p><h5><em><strong><img loading=\"lazy\" decoding=\"async\" class=\"size-medium wp-image-10399 alignleft\" src=\"https:\/\/www.heronaviation.com\/wp-content\/uploads\/2023\/06\/the-palau-de-la-musica-catalana-4403098_1280-300x200.jpg\" alt=\"\" width=\"300\" height=\"200\" srcset=\"https:\/\/www.heronaviation.com\/wp-content\/uploads\/2023\/06\/the-palau-de-la-musica-catalana-4403098_1280-300x200.jpg 300w, https:\/\/www.heronaviation.com\/wp-content\/uploads\/2023\/06\/the-palau-de-la-musica-catalana-4403098_1280-1024x682.jpg 1024w, https:\/\/www.heronaviation.com\/wp-content\/uploads\/2023\/06\/the-palau-de-la-musica-catalana-4403098_1280-768x512.jpg 768w, https:\/\/www.heronaviation.com\/wp-content\/uploads\/2023\/06\/the-palau-de-la-musica-catalana-4403098_1280.jpg 1280w\" sizes=\"(max-width: 300px) 100vw, 300px\" \/>Palau de la M\u00fasica &#8211; la lujosa obra maestra del Modernismo catal\u00e1n<\/strong><\/em><\/h5><p>El Palau de la M\u00fasica es uno de los edificios m\u00e1s emblem\u00e1ticos de Barcelona, adem\u00e1s de Patrimonio Mundial de la UNESCO. Esta sala de conciertos impresiona por su fastuosa decoraci\u00f3n y est\u00e1 situada en el coraz\u00f3n de la ciudad, a s\u00f3lo unos minutos de las Ramblas y la plaza de Catalu\u00f1a. La visita comienza en el vest\u00edbulo y luego se sube la gran escalera para admirar las flores y azulejos que adornan las paredes. Quedar\u00e1 encantado con los impresionantes detalles en diferentes materiales como hierro, cristal y otros m\u00e1s. En la sala Llu\u00eds Mille hay un gran balc\u00f3n con columnas que simbolizan la naturaleza con flores de todo tipo. Por \u00faltimo, la explosi\u00f3n de colores, formas y luces de la sala de conciertos sobrecoge. En el segundo piso, se puede admirar de cerca la impresionante fuente de luz. Por \u00faltimo, la visita se cierra con un hermoso concierto de piano u \u00f3rgano en directo.<\/p><p>\u00a0<\/p>\t\t\t\t\t\t\t\t<\/div>\n\t\t\t\t<\/div>\n\t\t\t\t\t<\/div>\n\t\t<\/div>\n\t\t\t\t\t<\/div>\n\t\t<\/section>\n\t\t\t\t<\/div>\n\t\t","protected":false},"excerpt":{"rendered":"<p>\u00a0 \u00a0\u00a0 Barcelona, la joya del modernismo en el coraz\u00f3n del Mediterr\u00e1neo Barcelona, la segunda ciudad m\u00e1s grande de Espa\u00f1a, es conocida como la ciudad m\u00e1s cosmopolita de la Comunidad Aut\u00f3noma de Catalu\u00f1a y est\u00e1 situada directamente en la costa mediterr\u00e1nea. Barcelona es conocida sobre todo por sus obras de arte y su arquitectura. Pero [&hellip;]<\/p>\n","protected":false},"author":7,"featured_media":10353,"comment_status":"open","ping_status":"open","sticky":false,"template":"","format":"standard","meta":{"_acf_changed":false,"footnotes":""},"categories":[12],"tags":[],"class_list":["post-10452","post","type-post","status-publish","format-standard","has-post-thumbnail","hentry","category-sin-categorizar"],"acf":[],"yoast_head":"<!-- This site is optimized with the Yoast SEO Premium plugin v25.9 (Yoast SEO v27.4) - https:\/\/yoast.com\/product\/yoast-seo-premium-wordpress\/ -->\n<title>Barcelona, la joya del modernismo en el coraz\u00f3n del Mediterr\u00e1neo - Heron Aviation<\/title>\n<meta name=\"description\" content=\"Barcelona, la segunda ciudad m\u00e1s grande de Espa\u00f1a, es conocida como la ciudad m\u00e1s cosmopolita de la Comunidad Aut\u00f3noma de Catalu\u00f1a\" \/>\n<meta name=\"robots\" content=\"index, follow, max-snippet:-1, max-image-preview:large, max-video-preview:-1\" \/>\n<link rel=\"canonical\" href=\"https:\/\/www.heronaviation.com\/es\/barcelona-la-joya-del-modernismo-en-el-corazon-del-mediterraneo\/\" \/>\n<meta property=\"og:locale\" content=\"es_ES\" \/>\n<meta property=\"og:type\" content=\"article\" \/>\n<meta property=\"og:title\" content=\"Barcelona, la joya del modernismo en el coraz\u00f3n del Mediterr\u00e1neo\" \/>\n<meta property=\"og:description\" content=\"Barcelona, la segunda ciudad m\u00e1s grande de Espa\u00f1a, es conocida como la ciudad m\u00e1s cosmopolita de la Comunidad Aut\u00f3noma de Catalu\u00f1a\" \/>\n<meta property=\"og:url\" content=\"https:\/\/www.heronaviation.com\/es\/barcelona-la-joya-del-modernismo-en-el-corazon-del-mediterraneo\/\" \/>\n<meta property=\"og:site_name\" content=\"Heron Aviation\" \/>\n<meta property=\"article:published_time\" content=\"2023-06-21T09:52:25+00:00\" \/>\n<meta property=\"article:modified_time\" content=\"2023-06-22T13:15:49+00:00\" \/>\n<meta property=\"og:image\" content=\"https:\/\/www.heronaviation.com\/wp-content\/uploads\/2023\/06\/barcelona-913487_960_720.jpg\" \/>\n\t<meta property=\"og:image:width\" content=\"960\" \/>\n\t<meta property=\"og:image:height\" content=\"390\" \/>\n\t<meta property=\"og:image:type\" content=\"image\/jpeg\" \/>\n<meta name=\"author\" content=\"Iris B\u00e4umle\" \/>\n<meta name=\"twitter:card\" content=\"summary_large_image\" \/>\n<meta name=\"twitter:label1\" content=\"Escrito por\" \/>\n\t<meta name=\"twitter:data1\" content=\"Iris B\u00e4umle\" \/>\n\t<meta name=\"twitter:label2\" content=\"Tiempo de lectura\" \/>\n\t<meta name=\"twitter:data2\" content=\"6 minutos\" \/>\n<script type=\"application\/ld+json\" class=\"yoast-schema-graph\">{\"@context\":\"https:\\\/\\\/schema.org\",\"@graph\":[{\"@type\":\"Article\",\"@id\":\"https:\\\/\\\/www.heronaviation.com\\\/es\\\/barcelona-la-joya-del-modernismo-en-el-corazon-del-mediterraneo\\\/#article\",\"isPartOf\":{\"@id\":\"https:\\\/\\\/www.heronaviation.com\\\/es\\\/barcelona-la-joya-del-modernismo-en-el-corazon-del-mediterraneo\\\/\"},\"author\":{\"name\":\"Iris B\u00e4umle\",\"@id\":\"https:\\\/\\\/www.heronaviation.com\\\/es\\\/#\\\/schema\\\/person\\\/30c693b9ca3a03f570cb9c65bdd3e8f0\"},\"headline\":\"Barcelona, la joya del modernismo en el coraz\u00f3n del Mediterr\u00e1neo\",\"datePublished\":\"2023-06-21T09:52:25+00:00\",\"dateModified\":\"2023-06-22T13:15:49+00:00\",\"mainEntityOfPage\":{\"@id\":\"https:\\\/\\\/www.heronaviation.com\\\/es\\\/barcelona-la-joya-del-modernismo-en-el-corazon-del-mediterraneo\\\/\"},\"wordCount\":1032,\"commentCount\":0,\"publisher\":{\"@id\":\"https:\\\/\\\/www.heronaviation.com\\\/es\\\/#organization\"},\"image\":{\"@id\":\"https:\\\/\\\/www.heronaviation.com\\\/es\\\/barcelona-la-joya-del-modernismo-en-el-corazon-del-mediterraneo\\\/#primaryimage\"},\"thumbnailUrl\":\"https:\\\/\\\/www.heronaviation.com\\\/wp-content\\\/uploads\\\/2023\\\/06\\\/barcelona-913487_960_720.jpg\",\"articleSection\":[\"Sin categorizar\"],\"inLanguage\":\"es\",\"potentialAction\":[{\"@type\":\"CommentAction\",\"name\":\"Comment\",\"target\":[\"https:\\\/\\\/www.heronaviation.com\\\/es\\\/barcelona-la-joya-del-modernismo-en-el-corazon-del-mediterraneo\\\/#respond\"]}]},{\"@type\":\"WebPage\",\"@id\":\"https:\\\/\\\/www.heronaviation.com\\\/es\\\/barcelona-la-joya-del-modernismo-en-el-corazon-del-mediterraneo\\\/\",\"url\":\"https:\\\/\\\/www.heronaviation.com\\\/es\\\/barcelona-la-joya-del-modernismo-en-el-corazon-del-mediterraneo\\\/\",\"name\":\"Barcelona, la joya del modernismo en el coraz\u00f3n del Mediterr\u00e1neo - Heron Aviation\",\"isPartOf\":{\"@id\":\"https:\\\/\\\/www.heronaviation.com\\\/es\\\/#website\"},\"primaryImageOfPage\":{\"@id\":\"https:\\\/\\\/www.heronaviation.com\\\/es\\\/barcelona-la-joya-del-modernismo-en-el-corazon-del-mediterraneo\\\/#primaryimage\"},\"image\":{\"@id\":\"https:\\\/\\\/www.heronaviation.com\\\/es\\\/barcelona-la-joya-del-modernismo-en-el-corazon-del-mediterraneo\\\/#primaryimage\"},\"thumbnailUrl\":\"https:\\\/\\\/www.heronaviation.com\\\/wp-content\\\/uploads\\\/2023\\\/06\\\/barcelona-913487_960_720.jpg\",\"datePublished\":\"2023-06-21T09:52:25+00:00\",\"dateModified\":\"2023-06-22T13:15:49+00:00\",\"description\":\"Barcelona, la segunda ciudad m\u00e1s grande de Espa\u00f1a, es conocida como la ciudad m\u00e1s cosmopolita de la Comunidad Aut\u00f3noma de Catalu\u00f1a\",\"breadcrumb\":{\"@id\":\"https:\\\/\\\/www.heronaviation.com\\\/es\\\/barcelona-la-joya-del-modernismo-en-el-corazon-del-mediterraneo\\\/#breadcrumb\"},\"inLanguage\":\"es\",\"potentialAction\":[{\"@type\":\"ReadAction\",\"target\":[\"https:\\\/\\\/www.heronaviation.com\\\/es\\\/barcelona-la-joya-del-modernismo-en-el-corazon-del-mediterraneo\\\/\"]}]},{\"@type\":\"ImageObject\",\"inLanguage\":\"es\",\"@id\":\"https:\\\/\\\/www.heronaviation.com\\\/es\\\/barcelona-la-joya-del-modernismo-en-el-corazon-del-mediterraneo\\\/#primaryimage\",\"url\":\"https:\\\/\\\/www.heronaviation.com\\\/wp-content\\\/uploads\\\/2023\\\/06\\\/barcelona-913487_960_720.jpg\",\"contentUrl\":\"https:\\\/\\\/www.heronaviation.com\\\/wp-content\\\/uploads\\\/2023\\\/06\\\/barcelona-913487_960_720.jpg\",\"width\":960,\"height\":390},{\"@type\":\"BreadcrumbList\",\"@id\":\"https:\\\/\\\/www.heronaviation.com\\\/es\\\/barcelona-la-joya-del-modernismo-en-el-corazon-del-mediterraneo\\\/#breadcrumb\",\"itemListElement\":[{\"@type\":\"ListItem\",\"position\":1,\"name\":\"P\u00e1gina Inicial\",\"item\":\"https:\\\/\\\/www.heronaviation.com\\\/es\\\/\"},{\"@type\":\"ListItem\",\"position\":2,\"name\":\"Barcelona, la joya del modernismo en el coraz\u00f3n del Mediterr\u00e1neo\"}]},{\"@type\":\"WebSite\",\"@id\":\"https:\\\/\\\/www.heronaviation.com\\\/es\\\/#website\",\"url\":\"https:\\\/\\\/www.heronaviation.com\\\/es\\\/\",\"name\":\"Heron Aviation\",\"description\":\"Discretion, Safety, Trust\",\"publisher\":{\"@id\":\"https:\\\/\\\/www.heronaviation.com\\\/es\\\/#organization\"},\"potentialAction\":[{\"@type\":\"SearchAction\",\"target\":{\"@type\":\"EntryPoint\",\"urlTemplate\":\"https:\\\/\\\/www.heronaviation.com\\\/es\\\/?s={search_term_string}\"},\"query-input\":{\"@type\":\"PropertyValueSpecification\",\"valueRequired\":true,\"valueName\":\"search_term_string\"}}],\"inLanguage\":\"es\"},{\"@type\":\"Organization\",\"@id\":\"https:\\\/\\\/www.heronaviation.com\\\/es\\\/#organization\",\"name\":\"Heron Aviation GmbH\",\"url\":\"https:\\\/\\\/www.heronaviation.com\\\/es\\\/\",\"logo\":{\"@type\":\"ImageObject\",\"inLanguage\":\"es\",\"@id\":\"https:\\\/\\\/www.heronaviation.com\\\/es\\\/#\\\/schema\\\/logo\\\/image\\\/\",\"url\":\"https:\\\/\\\/www.heronaviation.com\\\/wp-content\\\/uploads\\\/2021\\\/05\\\/cropped-Heron-Logo-Transparent-1.png\",\"contentUrl\":\"https:\\\/\\\/www.heronaviation.com\\\/wp-content\\\/uploads\\\/2021\\\/05\\\/cropped-Heron-Logo-Transparent-1.png\",\"width\":934,\"height\":267,\"caption\":\"Heron Aviation GmbH\"},\"image\":{\"@id\":\"https:\\\/\\\/www.heronaviation.com\\\/es\\\/#\\\/schema\\\/logo\\\/image\\\/\"}},{\"@type\":\"Person\",\"@id\":\"https:\\\/\\\/www.heronaviation.com\\\/es\\\/#\\\/schema\\\/person\\\/30c693b9ca3a03f570cb9c65bdd3e8f0\",\"name\":\"Iris B\u00e4umle\",\"image\":{\"@type\":\"ImageObject\",\"inLanguage\":\"es\",\"@id\":\"https:\\\/\\\/secure.gravatar.com\\\/avatar\\\/e5eb9df4d16362205c6751ec9581f4b44c6820d2ec602cd8e99743b6bcd4d126?s=96&d=mm&r=g\",\"url\":\"https:\\\/\\\/secure.gravatar.com\\\/avatar\\\/e5eb9df4d16362205c6751ec9581f4b44c6820d2ec602cd8e99743b6bcd4d126?s=96&d=mm&r=g\",\"contentUrl\":\"https:\\\/\\\/secure.gravatar.com\\\/avatar\\\/e5eb9df4d16362205c6751ec9581f4b44c6820d2ec602cd8e99743b6bcd4d126?s=96&d=mm&r=g\",\"caption\":\"Iris B\u00e4umle\"}}]}<\/script>\n<!-- \/ Yoast SEO Premium plugin. -->","yoast_head_json":{"title":"Barcelona, la joya del modernismo en el coraz\u00f3n del Mediterr\u00e1neo - Heron Aviation","description":"Barcelona, la segunda ciudad m\u00e1s grande de Espa\u00f1a, es conocida como la ciudad m\u00e1s cosmopolita de la Comunidad Aut\u00f3noma de Catalu\u00f1a","robots":{"index":"index","follow":"follow","max-snippet":"max-snippet:-1","max-image-preview":"max-image-preview:large","max-video-preview":"max-video-preview:-1"},"canonical":"https:\/\/www.heronaviation.com\/es\/barcelona-la-joya-del-modernismo-en-el-corazon-del-mediterraneo\/","og_locale":"es_ES","og_type":"article","og_title":"Barcelona, la joya del modernismo en el coraz\u00f3n del Mediterr\u00e1neo","og_description":"Barcelona, la segunda ciudad m\u00e1s grande de Espa\u00f1a, es conocida como la ciudad m\u00e1s cosmopolita de la Comunidad Aut\u00f3noma de Catalu\u00f1a","og_url":"https:\/\/www.heronaviation.com\/es\/barcelona-la-joya-del-modernismo-en-el-corazon-del-mediterraneo\/","og_site_name":"Heron Aviation","article_published_time":"2023-06-21T09:52:25+00:00","article_modified_time":"2023-06-22T13:15:49+00:00","og_image":[{"width":960,"height":390,"url":"https:\/\/www.heronaviation.com\/wp-content\/uploads\/2023\/06\/barcelona-913487_960_720.jpg","type":"image\/jpeg"}],"author":"Iris B\u00e4umle","twitter_card":"summary_large_image","twitter_misc":{"Escrito por":"Iris B\u00e4umle","Tiempo de lectura":"6 minutos"},"schema":{"@context":"https:\/\/schema.org","@graph":[{"@type":"Article","@id":"https:\/\/www.heronaviation.com\/es\/barcelona-la-joya-del-modernismo-en-el-corazon-del-mediterraneo\/#article","isPartOf":{"@id":"https:\/\/www.heronaviation.com\/es\/barcelona-la-joya-del-modernismo-en-el-corazon-del-mediterraneo\/"},"author":{"name":"Iris B\u00e4umle","@id":"https:\/\/www.heronaviation.com\/es\/#\/schema\/person\/30c693b9ca3a03f570cb9c65bdd3e8f0"},"headline":"Barcelona, la joya del modernismo en el coraz\u00f3n del Mediterr\u00e1neo","datePublished":"2023-06-21T09:52:25+00:00","dateModified":"2023-06-22T13:15:49+00:00","mainEntityOfPage":{"@id":"https:\/\/www.heronaviation.com\/es\/barcelona-la-joya-del-modernismo-en-el-corazon-del-mediterraneo\/"},"wordCount":1032,"commentCount":0,"publisher":{"@id":"https:\/\/www.heronaviation.com\/es\/#organization"},"image":{"@id":"https:\/\/www.heronaviation.com\/es\/barcelona-la-joya-del-modernismo-en-el-corazon-del-mediterraneo\/#primaryimage"},"thumbnailUrl":"https:\/\/www.heronaviation.com\/wp-content\/uploads\/2023\/06\/barcelona-913487_960_720.jpg","articleSection":["Sin categorizar"],"inLanguage":"es","potentialAction":[{"@type":"CommentAction","name":"Comment","target":["https:\/\/www.heronaviation.com\/es\/barcelona-la-joya-del-modernismo-en-el-corazon-del-mediterraneo\/#respond"]}]},{"@type":"WebPage","@id":"https:\/\/www.heronaviation.com\/es\/barcelona-la-joya-del-modernismo-en-el-corazon-del-mediterraneo\/","url":"https:\/\/www.heronaviation.com\/es\/barcelona-la-joya-del-modernismo-en-el-corazon-del-mediterraneo\/","name":"Barcelona, la joya del modernismo en el coraz\u00f3n del Mediterr\u00e1neo - Heron Aviation","isPartOf":{"@id":"https:\/\/www.heronaviation.com\/es\/#website"},"primaryImageOfPage":{"@id":"https:\/\/www.heronaviation.com\/es\/barcelona-la-joya-del-modernismo-en-el-corazon-del-mediterraneo\/#primaryimage"},"image":{"@id":"https:\/\/www.heronaviation.com\/es\/barcelona-la-joya-del-modernismo-en-el-corazon-del-mediterraneo\/#primaryimage"},"thumbnailUrl":"https:\/\/www.heronaviation.com\/wp-content\/uploads\/2023\/06\/barcelona-913487_960_720.jpg","datePublished":"2023-06-21T09:52:25+00:00","dateModified":"2023-06-22T13:15:49+00:00","description":"Barcelona, la segunda ciudad m\u00e1s grande de Espa\u00f1a, es conocida como la ciudad m\u00e1s cosmopolita de la Comunidad Aut\u00f3noma de Catalu\u00f1a","breadcrumb":{"@id":"https:\/\/www.heronaviation.com\/es\/barcelona-la-joya-del-modernismo-en-el-corazon-del-mediterraneo\/#breadcrumb"},"inLanguage":"es","potentialAction":[{"@type":"ReadAction","target":["https:\/\/www.heronaviation.com\/es\/barcelona-la-joya-del-modernismo-en-el-corazon-del-mediterraneo\/"]}]},{"@type":"ImageObject","inLanguage":"es","@id":"https:\/\/www.heronaviation.com\/es\/barcelona-la-joya-del-modernismo-en-el-corazon-del-mediterraneo\/#primaryimage","url":"https:\/\/www.heronaviation.com\/wp-content\/uploads\/2023\/06\/barcelona-913487_960_720.jpg","contentUrl":"https:\/\/www.heronaviation.com\/wp-content\/uploads\/2023\/06\/barcelona-913487_960_720.jpg","width":960,"height":390},{"@type":"BreadcrumbList","@id":"https:\/\/www.heronaviation.com\/es\/barcelona-la-joya-del-modernismo-en-el-corazon-del-mediterraneo\/#breadcrumb","itemListElement":[{"@type":"ListItem","position":1,"name":"P\u00e1gina Inicial","item":"https:\/\/www.heronaviation.com\/es\/"},{"@type":"ListItem","position":2,"name":"Barcelona, la joya del modernismo en el coraz\u00f3n del Mediterr\u00e1neo"}]},{"@type":"WebSite","@id":"https:\/\/www.heronaviation.com\/es\/#website","url":"https:\/\/www.heronaviation.com\/es\/","name":"Heron Aviation","description":"Discretion, Safety, Trust","publisher":{"@id":"https:\/\/www.heronaviation.com\/es\/#organization"},"potentialAction":[{"@type":"SearchAction","target":{"@type":"EntryPoint","urlTemplate":"https:\/\/www.heronaviation.com\/es\/?s={search_term_string}"},"query-input":{"@type":"PropertyValueSpecification","valueRequired":true,"valueName":"search_term_string"}}],"inLanguage":"es"},{"@type":"Organization","@id":"https:\/\/www.heronaviation.com\/es\/#organization","name":"Heron Aviation GmbH","url":"https:\/\/www.heronaviation.com\/es\/","logo":{"@type":"ImageObject","inLanguage":"es","@id":"https:\/\/www.heronaviation.com\/es\/#\/schema\/logo\/image\/","url":"https:\/\/www.heronaviation.com\/wp-content\/uploads\/2021\/05\/cropped-Heron-Logo-Transparent-1.png","contentUrl":"https:\/\/www.heronaviation.com\/wp-content\/uploads\/2021\/05\/cropped-Heron-Logo-Transparent-1.png","width":934,"height":267,"caption":"Heron Aviation GmbH"},"image":{"@id":"https:\/\/www.heronaviation.com\/es\/#\/schema\/logo\/image\/"}},{"@type":"Person","@id":"https:\/\/www.heronaviation.com\/es\/#\/schema\/person\/30c693b9ca3a03f570cb9c65bdd3e8f0","name":"Iris B\u00e4umle","image":{"@type":"ImageObject","inLanguage":"es","@id":"https:\/\/secure.gravatar.com\/avatar\/e5eb9df4d16362205c6751ec9581f4b44c6820d2ec602cd8e99743b6bcd4d126?s=96&d=mm&r=g","url":"https:\/\/secure.gravatar.com\/avatar\/e5eb9df4d16362205c6751ec9581f4b44c6820d2ec602cd8e99743b6bcd4d126?s=96&d=mm&r=g","contentUrl":"https:\/\/secure.gravatar.com\/avatar\/e5eb9df4d16362205c6751ec9581f4b44c6820d2ec602cd8e99743b6bcd4d126?s=96&d=mm&r=g","caption":"Iris B\u00e4umle"}}]}},"_links":{"self":[{"href":"https:\/\/www.heronaviation.com\/es\/wp-json\/wp\/v2\/posts\/10452","targetHints":{"allow":["GET"]}}],"collection":[{"href":"https:\/\/www.heronaviation.com\/es\/wp-json\/wp\/v2\/posts"}],"about":[{"href":"https:\/\/www.heronaviation.com\/es\/wp-json\/wp\/v2\/types\/post"}],"author":[{"embeddable":true,"href":"https:\/\/www.heronaviation.com\/es\/wp-json\/wp\/v2\/users\/7"}],"replies":[{"embeddable":true,"href":"https:\/\/www.heronaviation.com\/es\/wp-json\/wp\/v2\/comments?post=10452"}],"version-history":[{"count":17,"href":"https:\/\/www.heronaviation.com\/es\/wp-json\/wp\/v2\/posts\/10452\/revisions"}],"predecessor-version":[{"id":10472,"href":"https:\/\/www.heronaviation.com\/es\/wp-json\/wp\/v2\/posts\/10452\/revisions\/10472"}],"wp:featuredmedia":[{"embeddable":true,"href":"https:\/\/www.heronaviation.com\/es\/wp-json\/wp\/v2\/media\/10353"}],"wp:attachment":[{"href":"https:\/\/www.heronaviation.com\/es\/wp-json\/wp\/v2\/media?parent=10452"}],"wp:term":[{"taxonomy":"category","embeddable":true,"href":"https:\/\/www.heronaviation.com\/es\/wp-json\/wp\/v2\/categories?post=10452"},{"taxonomy":"post_tag","embeddable":true,"href":"https:\/\/www.heronaviation.com\/es\/wp-json\/wp\/v2\/tags?post=10452"}],"curies":[{"name":"wp","href":"https:\/\/api.w.org\/{rel}","templated":true}]}}