{"id":9775,"date":"2023-02-22T12:41:20","date_gmt":"2023-02-22T11:41:20","guid":{"rendered":"https:\/\/www.heronaviation.com\/?p=9775"},"modified":"2023-05-03T13:09:34","modified_gmt":"2023-05-03T11:09:34","slug":"carnaval-de-rio-pura-samba-2","status":"publish","type":"post","link":"https:\/\/www.heronaviation.com\/es\/carnaval-de-rio-pura-samba-2\/","title":{"rendered":"Carnaval de Rio &#8211; pura Samba"},"content":{"rendered":"\t\t<div data-elementor-type=\"wp-post\" data-elementor-id=\"9775\" class=\"elementor elementor-9775\" data-elementor-post-type=\"post\">\n\t\t\t\t\t\t<section class=\"elementor-section elementor-top-section elementor-element elementor-element-180d7df2 elementor-section-boxed elementor-section-height-default elementor-section-height-default\" data-id=\"180d7df2\" data-element_type=\"section\" data-settings=\"{&quot;jet_parallax_layout_list&quot;:[{&quot;jet_parallax_layout_image&quot;:{&quot;url&quot;:&quot;&quot;,&quot;id&quot;:&quot;&quot;,&quot;size&quot;:&quot;&quot;},&quot;_id&quot;:&quot;f04db7b&quot;,&quot;jet_parallax_layout_image_tablet&quot;:{&quot;url&quot;:&quot;&quot;,&quot;id&quot;:&quot;&quot;,&quot;size&quot;:&quot;&quot;},&quot;jet_parallax_layout_image_mobile&quot;:{&quot;url&quot;:&quot;&quot;,&quot;id&quot;:&quot;&quot;,&quot;size&quot;:&quot;&quot;},&quot;jet_parallax_layout_speed&quot;:{&quot;unit&quot;:&quot;%&quot;,&quot;size&quot;:50,&quot;sizes&quot;:[]},&quot;jet_parallax_layout_type&quot;:&quot;scroll&quot;,&quot;jet_parallax_layout_direction&quot;:&quot;1&quot;,&quot;jet_parallax_layout_fx_direction&quot;:null,&quot;jet_parallax_layout_z_index&quot;:&quot;&quot;,&quot;jet_parallax_layout_bg_x&quot;:50,&quot;jet_parallax_layout_bg_x_tablet&quot;:&quot;&quot;,&quot;jet_parallax_layout_bg_x_mobile&quot;:&quot;&quot;,&quot;jet_parallax_layout_bg_y&quot;:50,&quot;jet_parallax_layout_bg_y_tablet&quot;:&quot;&quot;,&quot;jet_parallax_layout_bg_y_mobile&quot;:&quot;&quot;,&quot;jet_parallax_layout_bg_size&quot;:&quot;auto&quot;,&quot;jet_parallax_layout_bg_size_tablet&quot;:&quot;&quot;,&quot;jet_parallax_layout_bg_size_mobile&quot;:&quot;&quot;,&quot;jet_parallax_layout_animation_prop&quot;:&quot;transform&quot;,&quot;jet_parallax_layout_on&quot;:[&quot;desktop&quot;,&quot;tablet&quot;]}]}\">\n\t\t\t\t\t\t<div class=\"elementor-container elementor-column-gap-default\">\n\t\t\t\t\t<div class=\"elementor-column elementor-col-100 elementor-top-column elementor-element elementor-element-55890b87\" data-id=\"55890b87\" data-element_type=\"column\">\n\t\t\t<div class=\"elementor-widget-wrap elementor-element-populated\">\n\t\t\t\t\t\t<div class=\"elementor-element elementor-element-5d0ca40f elementor-widget elementor-widget-text-editor\" data-id=\"5d0ca40f\" data-element_type=\"widget\" data-widget_type=\"text-editor.default\">\n\t\t\t\t<div class=\"elementor-widget-container\">\n\t\t\t\t\t\t\t\t\t<p>Qui\u00e9n no conoce el famoso carnaval de R\u00edo de Janeiro (carnaval do Rio o carnaval carioca), la ciudad del Pan de Az\u00facar, de Copacabana e de Ipanema. Estas celebraciones, que se encuentran entre las m\u00e1s grandes y coloridas del mundo, comienzan el viernes anterior al Mi\u00e9rcoles de Ceniza a las 6:00 p. m. Ruidosos y coloridos, los desfiles recorren R\u00edo hasta las primeras horas de la ma\u00f1ana.<\/p><p>En 1840 se celebr\u00f3 el primer carnaval con polka y vals antes de que se introdujera la samba. Hoy, la oficina de turismo y la \u00abLiga Independiente de Escuelas de Samba\u00bb (Liga Independente das Escollas de Samba do Rio de Janeiro, LIESA) son responsables de la organizaci\u00f3n, coordinaci\u00f3n y comercializaci\u00f3n de este evento.<\/p><p>Sobre la base de estas 50 escuelas de samba brasile\u00f1as (Escolas de Samba), se coordinan las tem\u00e1ticas, la decoraci\u00f3n de las carrozas y los impresionantes disfraces. El ritmo, la interacci\u00f3n del grupo y la coreograf\u00eda se crean en concordancia.<\/p><p>Los costes de estos hermosos trajes (\u00abfantas\u00edas\u00bb portuguesas), que solo se usan por un corto tiempo, generalmente tienen que ser financiados por los propios participantes. Cada escuela de samba se presenta con una sola canci\u00f3n. Los grupos participantes disponen de entre 65 y 82 minutos para competir. El jurado incorruptible juzga las distintas representaciones en cuanto a vestuario, ritmo y redoble de tambores, en sinton\u00eda con el baile. Esta evaluaci\u00f3n es muy estricta y cada peque\u00f1o error es penalizado con una deducci\u00f3n de puntos.<\/p><p>Lo m\u00e1s destacado es el domingo y el lunes de Carnaval. Las doce mejores escuelas de samba de la primera divisi\u00f3n, cada una con 3000 a 5000 participantes, se dividen en 40 grupos con 5 a 8 carrozas cada una.<\/p><p>El Mi\u00e9rcoles de Ceniza se premia a la mejor escuela de samba del Carnaval de R\u00edo. Un evento espectacular con fuegos artificiales y celebraciones de la victoria. Este acontecimiento es transmitido por televisi\u00f3n. Los derechos de las televisiones y los ingresos de las compa\u00f1\u00edas discogr\u00e1ficas son una gran fuente de ingresos para las escuelas de samba.<\/p><p>Y despu\u00e9s del carnaval 2023 comienza el Carnaval 2024, porque a partir de noviembre volver\u00e1n a haber festejos y ensayos muy concurridos. Una vez m\u00e1s, aqu\u00ed se necesitan miles de manos amigas. El carnaval de R\u00edo est\u00e1 financiado principalmente por patrocinadores privados.<\/p><h5><strong>La historia del carnaval<\/strong><\/h5><p>Este carnaval probablemente fue tra\u00eddo a Brasil por los portugueses en el siglo XVII. Incluso entonces, la gente celebraba los \u00faltimos d\u00edas antes de que comenzara la Cuaresma. Primero como un ajetreo bullicioso y degenerativo en las calles, esta tradici\u00f3n floreci\u00f3 a partir de 1840 en un festival donde se reun\u00eda la burgues\u00eda. Inicialmente, los eventos se llevaron a cabo en elegantes salones de baile antes de que se estableciera la primera escuela de samba en Mangueira en 1928. Las primeras procesiones de 1,7 km de largo tuvieron lugar solo siete a\u00f1os despu\u00e9s.<\/p><p>En 2006 se inaugur\u00f3 la llamada Ciudad Samba. Aqu\u00ed las escuelas de samba pueden construir sus carrozas. Como trabajo a tiempo completo, los bailarines y m\u00fasicos se preparan para esta gran actuaci\u00f3n durante todo el a\u00f1o.<br \/>Mientras en otras partes de Brasil se produc\u00eda el resurgimiento del carnaval callejero popular, en R\u00edo de Janeiro segu\u00edan dominando los tradicionales carnavales de sal\u00f3n y de club y sobre todo los desfiles organizados por las escuelas de samba.<\/p><h5><strong>El origen de la samba<\/strong><\/h5><p>El primer club de carnaval tambi\u00e9n fue fundado por un portugu\u00e9s, Jos\u00e9 Nogueira Paredes. Los miembros del club tocaban al un\u00edsono los tambores para crear un sonido uniforme: as\u00ed naci\u00f3 la samba. En 1934, bajo el gobierno de Getulio Vargas, la samba fue declarada baile oficial del carnaval.<\/p><h5><strong>Samb\u00f3dromo \u2013 pieza central del famoso carnaval<\/strong><\/h5><p>Desde 1984, este festival se lleva a cabo en la arena de carnaval Samb\u00f3dromo da Marqu\u00eas de Sapuca\u00ed (de ah\u00ed que a menudo se le llame Sapuca\u00ed para abreviar). Es una gran calle de gradas en el barrio Est\u00e1cio.<\/p><p>En febrero, este edificio discreto se transforma en un hervidero de luz, color, m\u00fasica y danza. El responsable de esto es el mundialmente famoso arquitecto brasile\u00f1o Oscar Niemeyer, quien dise\u00f1\u00f3 los planos. Este \u00abcampo de batalla de los carnavalistas\u00bb representa una avenida de 700 metros de largo. El edificio, que en d\u00edas normales es un bloque de hormig\u00f3n corriente, cobra vida durante cuatro noches en febrero y permite olvidar la gris vida cotidiana. Aunque esta \u00abarena\u00bb ofrece espacio para 88.500 entusiastas del carnaval, en realidad ya se ha quedado peque\u00f1a. Sin embargo, es un edificio catalogado y, por lo tanto, no puede modificarse estructuralmente.<\/p><h5><strong>La Champions League de las Escuelas de Samba<\/strong><\/h5><p>El carnaval muestra muchos paralelismos con el f\u00fatbol. Los equipos son las escuelas de samba que compiten. Las escuelas se dividen en 4 ligas, las 12 mejores del Grupo Especial. El estadio es el Samb\u00f3dromo. La estrategia de juego es el tema seleccionado. Este puede ser un personaje de la historia o la literatura, representar a otro pa\u00eds en la tierra o un lema completamente libre. En t\u00e9rminos de formaci\u00f3n, la posici\u00f3n m\u00e1s famosa es la de la reina de la secci\u00f3n r\u00edtmica (rainha de bateria) bailando frente a la banda. A menudo es una celebridad de la escena del espect\u00e1culo de Brasil.<\/p><h5><strong>Brasile\u00f1os &#8211; nativos de Colonia del sur<\/strong><\/h5><p>Aunque en el Pan de Az\u00facar no hay cerveza K\u00f6lsch, los eventos de f\u00fatbol y carnaval tanto en R\u00edo de Janeiro como en la ciudad alemana de Colonia est\u00e1n al m\u00e1s alto nivel. Tanto en el Pan de Az\u00facar como en el Rin, el verdadero carnaval es el carnaval del pueblo, que se celebra en las calles y en los pubs y tiene muy poco que ver con lo que se ve en la televisi\u00f3n. Pero la televisi\u00f3n es un importante portador de im\u00e1genes.<\/p><p>Los precios durante el per\u00edodo de carnaval tanto en Colonia y como en R\u00edo de Janeiro son comparativamente altos. Sin embargo, mientras que en Colonia se reutilizan a\u00f1o tras a\u00f1o los trajes tradicionales, en Copacabana \u201cmenos, es m\u00e1s, \u201cpero con mucho brillo, boas de plumas, enormes joyas, m\u00e1scaras venecianas y, por supuesto, mucha piel bronceada. Con el verano subecuatorial prevaleciendo all\u00ed, no es de extra\u00f1ar. A diferencia de Colonia, los desfiles se realizan dos veces y no se lanzan caramelos (golosinas). Cristo vela sobre R\u00edo en el Corcovado y sobre Colonia la catedral.<\/p><p>\u00abTanze Samba mit mir, Samba Samba die ganze Nacht\u00bb es un famoso \u00e9xito alem\u00e1n de 1978 cantado por Tony Holiday.<\/p><p>Mucha piel desnuda, mucho brillo, mucha samba: el carnaval de R\u00edo de Janeiro parece tan fascinante cuando se ve desde la distancia. Pero como el f\u00fatbol, no se trata solo del espect\u00e1culo, tambi\u00e9n se trata del amor y la pasi\u00f3n que ponen los seguidores.<\/p>\t\t\t\t\t\t\t\t<\/div>\n\t\t\t\t<\/div>\n\t\t\t\t\t<\/div>\n\t\t<\/div>\n\t\t\t\t\t<\/div>\n\t\t<\/section>\n\t\t\t\t<\/div>\n\t\t","protected":false},"excerpt":{"rendered":"<p>Qui\u00e9n no conoce el famoso carnaval de R\u00edo de Janeiro (carnaval do Rio o carnaval carioca), la ciudad del Pan de Az\u00facar, de Copacabana e de Ipanema. Estas celebraciones, que se encuentran entre las m\u00e1s grandes y coloridas del mundo, comienzan el viernes anterior al Mi\u00e9rcoles de Ceniza a las 6:00 p. m. Ruidosos y [&hellip;]<\/p>\n","protected":false},"author":7,"featured_media":9716,"comment_status":"open","ping_status":"open","sticky":false,"template":"","format":"standard","meta":{"_acf_changed":false,"footnotes":""},"categories":[12],"tags":[],"class_list":["post-9775","post","type-post","status-publish","format-standard","has-post-thumbnail","hentry","category-sin-categorizar"],"acf":[],"yoast_head":"<!-- This site is optimized with the Yoast SEO Premium plugin v25.9 (Yoast SEO v27.5) - https:\/\/yoast.com\/product\/yoast-seo-premium-wordpress\/ -->\n<title>Carnaval de Rio - pura Samba - Heron Aviation<\/title>\n<meta name=\"description\" content=\"Qui\u00e9n no conoce el famoso carnaval de R\u00edo de Janeiro (carnaval do Rio o carnaval carioca), la ciudad del Pan de Az\u00facar, de Copacabana...\" \/>\n<meta name=\"robots\" content=\"index, follow, max-snippet:-1, max-image-preview:large, max-video-preview:-1\" \/>\n<link rel=\"canonical\" href=\"https:\/\/www.heronaviation.com\/es\/carnaval-de-rio-pura-samba-2\/\" \/>\n<meta property=\"og:locale\" content=\"es_ES\" \/>\n<meta property=\"og:type\" content=\"article\" \/>\n<meta property=\"og:title\" content=\"Carnaval de Rio - pura Samba\" \/>\n<meta property=\"og:description\" content=\"Qui\u00e9n no conoce el famoso carnaval de R\u00edo de Janeiro (carnaval do Rio o carnaval carioca), la ciudad del Pan de Az\u00facar, de Copacabana...\" \/>\n<meta property=\"og:url\" content=\"https:\/\/www.heronaviation.com\/es\/carnaval-de-rio-pura-samba-2\/\" \/>\n<meta property=\"og:site_name\" content=\"Heron Aviation\" \/>\n<meta property=\"article:published_time\" content=\"2023-02-22T11:41:20+00:00\" \/>\n<meta property=\"article:modified_time\" content=\"2023-05-03T11:09:34+00:00\" \/>\n<meta property=\"og:image\" content=\"https:\/\/www.heronaviation.com\/wp-content\/uploads\/2023\/02\/rio-de-janeiro-4965438_960_720.jpg\" \/>\n\t<meta property=\"og:image:width\" content=\"960\" \/>\n\t<meta property=\"og:image:height\" content=\"653\" \/>\n\t<meta property=\"og:image:type\" content=\"image\/jpeg\" \/>\n<meta name=\"author\" content=\"Iris B\u00e4umle\" \/>\n<meta name=\"twitter:card\" content=\"summary_large_image\" \/>\n<meta name=\"twitter:label1\" content=\"Escrito por\" \/>\n\t<meta name=\"twitter:data1\" content=\"Iris B\u00e4umle\" \/>\n\t<meta name=\"twitter:label2\" content=\"Tiempo de lectura\" \/>\n\t<meta name=\"twitter:data2\" content=\"6 minutos\" \/>\n<script type=\"application\/ld+json\" class=\"yoast-schema-graph\">{\"@context\":\"https:\\\/\\\/schema.org\",\"@graph\":[{\"@type\":\"Article\",\"@id\":\"https:\\\/\\\/www.heronaviation.com\\\/es\\\/carnaval-de-rio-pura-samba-2\\\/#article\",\"isPartOf\":{\"@id\":\"https:\\\/\\\/www.heronaviation.com\\\/es\\\/carnaval-de-rio-pura-samba-2\\\/\"},\"author\":{\"name\":\"Iris B\u00e4umle\",\"@id\":\"https:\\\/\\\/www.heronaviation.com\\\/es\\\/#\\\/schema\\\/person\\\/30c693b9ca3a03f570cb9c65bdd3e8f0\"},\"headline\":\"Carnaval de Rio &#8211; pura Samba\",\"datePublished\":\"2023-02-22T11:41:20+00:00\",\"dateModified\":\"2023-05-03T11:09:34+00:00\",\"mainEntityOfPage\":{\"@id\":\"https:\\\/\\\/www.heronaviation.com\\\/es\\\/carnaval-de-rio-pura-samba-2\\\/\"},\"wordCount\":1190,\"commentCount\":0,\"publisher\":{\"@id\":\"https:\\\/\\\/www.heronaviation.com\\\/es\\\/#organization\"},\"image\":{\"@id\":\"https:\\\/\\\/www.heronaviation.com\\\/es\\\/carnaval-de-rio-pura-samba-2\\\/#primaryimage\"},\"thumbnailUrl\":\"https:\\\/\\\/www.heronaviation.com\\\/wp-content\\\/uploads\\\/2023\\\/02\\\/rio-de-janeiro-4965438_960_720.jpg\",\"articleSection\":[\"Sin categorizar\"],\"inLanguage\":\"es\",\"potentialAction\":[{\"@type\":\"CommentAction\",\"name\":\"Comment\",\"target\":[\"https:\\\/\\\/www.heronaviation.com\\\/es\\\/carnaval-de-rio-pura-samba-2\\\/#respond\"]}]},{\"@type\":\"WebPage\",\"@id\":\"https:\\\/\\\/www.heronaviation.com\\\/es\\\/carnaval-de-rio-pura-samba-2\\\/\",\"url\":\"https:\\\/\\\/www.heronaviation.com\\\/es\\\/carnaval-de-rio-pura-samba-2\\\/\",\"name\":\"Carnaval de Rio - pura Samba - Heron Aviation\",\"isPartOf\":{\"@id\":\"https:\\\/\\\/www.heronaviation.com\\\/es\\\/#website\"},\"primaryImageOfPage\":{\"@id\":\"https:\\\/\\\/www.heronaviation.com\\\/es\\\/carnaval-de-rio-pura-samba-2\\\/#primaryimage\"},\"image\":{\"@id\":\"https:\\\/\\\/www.heronaviation.com\\\/es\\\/carnaval-de-rio-pura-samba-2\\\/#primaryimage\"},\"thumbnailUrl\":\"https:\\\/\\\/www.heronaviation.com\\\/wp-content\\\/uploads\\\/2023\\\/02\\\/rio-de-janeiro-4965438_960_720.jpg\",\"datePublished\":\"2023-02-22T11:41:20+00:00\",\"dateModified\":\"2023-05-03T11:09:34+00:00\",\"description\":\"Qui\u00e9n no conoce el famoso carnaval de R\u00edo de Janeiro (carnaval do Rio o carnaval carioca), la ciudad del Pan de Az\u00facar, de Copacabana...\",\"breadcrumb\":{\"@id\":\"https:\\\/\\\/www.heronaviation.com\\\/es\\\/carnaval-de-rio-pura-samba-2\\\/#breadcrumb\"},\"inLanguage\":\"es\",\"potentialAction\":[{\"@type\":\"ReadAction\",\"target\":[\"https:\\\/\\\/www.heronaviation.com\\\/es\\\/carnaval-de-rio-pura-samba-2\\\/\"]}]},{\"@type\":\"ImageObject\",\"inLanguage\":\"es\",\"@id\":\"https:\\\/\\\/www.heronaviation.com\\\/es\\\/carnaval-de-rio-pura-samba-2\\\/#primaryimage\",\"url\":\"https:\\\/\\\/www.heronaviation.com\\\/wp-content\\\/uploads\\\/2023\\\/02\\\/rio-de-janeiro-4965438_960_720.jpg\",\"contentUrl\":\"https:\\\/\\\/www.heronaviation.com\\\/wp-content\\\/uploads\\\/2023\\\/02\\\/rio-de-janeiro-4965438_960_720.jpg\",\"width\":960,\"height\":653},{\"@type\":\"BreadcrumbList\",\"@id\":\"https:\\\/\\\/www.heronaviation.com\\\/es\\\/carnaval-de-rio-pura-samba-2\\\/#breadcrumb\",\"itemListElement\":[{\"@type\":\"ListItem\",\"position\":1,\"name\":\"P\u00e1gina Inicial\",\"item\":\"https:\\\/\\\/www.heronaviation.com\\\/es\\\/\"},{\"@type\":\"ListItem\",\"position\":2,\"name\":\"Carnaval de Rio &#8211; pura Samba\"}]},{\"@type\":\"WebSite\",\"@id\":\"https:\\\/\\\/www.heronaviation.com\\\/es\\\/#website\",\"url\":\"https:\\\/\\\/www.heronaviation.com\\\/es\\\/\",\"name\":\"Heron Aviation\",\"description\":\"Discretion, Safety, Trust\",\"publisher\":{\"@id\":\"https:\\\/\\\/www.heronaviation.com\\\/es\\\/#organization\"},\"potentialAction\":[{\"@type\":\"SearchAction\",\"target\":{\"@type\":\"EntryPoint\",\"urlTemplate\":\"https:\\\/\\\/www.heronaviation.com\\\/es\\\/?s={search_term_string}\"},\"query-input\":{\"@type\":\"PropertyValueSpecification\",\"valueRequired\":true,\"valueName\":\"search_term_string\"}}],\"inLanguage\":\"es\"},{\"@type\":\"Organization\",\"@id\":\"https:\\\/\\\/www.heronaviation.com\\\/es\\\/#organization\",\"name\":\"Heron Aviation GmbH\",\"url\":\"https:\\\/\\\/www.heronaviation.com\\\/es\\\/\",\"logo\":{\"@type\":\"ImageObject\",\"inLanguage\":\"es\",\"@id\":\"https:\\\/\\\/www.heronaviation.com\\\/es\\\/#\\\/schema\\\/logo\\\/image\\\/\",\"url\":\"https:\\\/\\\/www.heronaviation.com\\\/wp-content\\\/uploads\\\/2021\\\/05\\\/cropped-Heron-Logo-Transparent-1.png\",\"contentUrl\":\"https:\\\/\\\/www.heronaviation.com\\\/wp-content\\\/uploads\\\/2021\\\/05\\\/cropped-Heron-Logo-Transparent-1.png\",\"width\":934,\"height\":267,\"caption\":\"Heron Aviation GmbH\"},\"image\":{\"@id\":\"https:\\\/\\\/www.heronaviation.com\\\/es\\\/#\\\/schema\\\/logo\\\/image\\\/\"}},{\"@type\":\"Person\",\"@id\":\"https:\\\/\\\/www.heronaviation.com\\\/es\\\/#\\\/schema\\\/person\\\/30c693b9ca3a03f570cb9c65bdd3e8f0\",\"name\":\"Iris B\u00e4umle\",\"image\":{\"@type\":\"ImageObject\",\"inLanguage\":\"es\",\"@id\":\"https:\\\/\\\/secure.gravatar.com\\\/avatar\\\/e5eb9df4d16362205c6751ec9581f4b44c6820d2ec602cd8e99743b6bcd4d126?s=96&d=mm&r=g\",\"url\":\"https:\\\/\\\/secure.gravatar.com\\\/avatar\\\/e5eb9df4d16362205c6751ec9581f4b44c6820d2ec602cd8e99743b6bcd4d126?s=96&d=mm&r=g\",\"contentUrl\":\"https:\\\/\\\/secure.gravatar.com\\\/avatar\\\/e5eb9df4d16362205c6751ec9581f4b44c6820d2ec602cd8e99743b6bcd4d126?s=96&d=mm&r=g\",\"caption\":\"Iris B\u00e4umle\"}}]}<\/script>\n<!-- \/ Yoast SEO Premium plugin. -->","yoast_head_json":{"title":"Carnaval de Rio - pura Samba - Heron Aviation","description":"Qui\u00e9n no conoce el famoso carnaval de R\u00edo de Janeiro (carnaval do Rio o carnaval carioca), la ciudad del Pan de Az\u00facar, de Copacabana...","robots":{"index":"index","follow":"follow","max-snippet":"max-snippet:-1","max-image-preview":"max-image-preview:large","max-video-preview":"max-video-preview:-1"},"canonical":"https:\/\/www.heronaviation.com\/es\/carnaval-de-rio-pura-samba-2\/","og_locale":"es_ES","og_type":"article","og_title":"Carnaval de Rio - pura Samba","og_description":"Qui\u00e9n no conoce el famoso carnaval de R\u00edo de Janeiro (carnaval do Rio o carnaval carioca), la ciudad del Pan de Az\u00facar, de Copacabana...","og_url":"https:\/\/www.heronaviation.com\/es\/carnaval-de-rio-pura-samba-2\/","og_site_name":"Heron Aviation","article_published_time":"2023-02-22T11:41:20+00:00","article_modified_time":"2023-05-03T11:09:34+00:00","og_image":[{"width":960,"height":653,"url":"https:\/\/www.heronaviation.com\/wp-content\/uploads\/2023\/02\/rio-de-janeiro-4965438_960_720.jpg","type":"image\/jpeg"}],"author":"Iris B\u00e4umle","twitter_card":"summary_large_image","twitter_misc":{"Escrito por":"Iris B\u00e4umle","Tiempo de lectura":"6 minutos"},"schema":{"@context":"https:\/\/schema.org","@graph":[{"@type":"Article","@id":"https:\/\/www.heronaviation.com\/es\/carnaval-de-rio-pura-samba-2\/#article","isPartOf":{"@id":"https:\/\/www.heronaviation.com\/es\/carnaval-de-rio-pura-samba-2\/"},"author":{"name":"Iris B\u00e4umle","@id":"https:\/\/www.heronaviation.com\/es\/#\/schema\/person\/30c693b9ca3a03f570cb9c65bdd3e8f0"},"headline":"Carnaval de Rio &#8211; pura Samba","datePublished":"2023-02-22T11:41:20+00:00","dateModified":"2023-05-03T11:09:34+00:00","mainEntityOfPage":{"@id":"https:\/\/www.heronaviation.com\/es\/carnaval-de-rio-pura-samba-2\/"},"wordCount":1190,"commentCount":0,"publisher":{"@id":"https:\/\/www.heronaviation.com\/es\/#organization"},"image":{"@id":"https:\/\/www.heronaviation.com\/es\/carnaval-de-rio-pura-samba-2\/#primaryimage"},"thumbnailUrl":"https:\/\/www.heronaviation.com\/wp-content\/uploads\/2023\/02\/rio-de-janeiro-4965438_960_720.jpg","articleSection":["Sin categorizar"],"inLanguage":"es","potentialAction":[{"@type":"CommentAction","name":"Comment","target":["https:\/\/www.heronaviation.com\/es\/carnaval-de-rio-pura-samba-2\/#respond"]}]},{"@type":"WebPage","@id":"https:\/\/www.heronaviation.com\/es\/carnaval-de-rio-pura-samba-2\/","url":"https:\/\/www.heronaviation.com\/es\/carnaval-de-rio-pura-samba-2\/","name":"Carnaval de Rio - pura Samba - Heron Aviation","isPartOf":{"@id":"https:\/\/www.heronaviation.com\/es\/#website"},"primaryImageOfPage":{"@id":"https:\/\/www.heronaviation.com\/es\/carnaval-de-rio-pura-samba-2\/#primaryimage"},"image":{"@id":"https:\/\/www.heronaviation.com\/es\/carnaval-de-rio-pura-samba-2\/#primaryimage"},"thumbnailUrl":"https:\/\/www.heronaviation.com\/wp-content\/uploads\/2023\/02\/rio-de-janeiro-4965438_960_720.jpg","datePublished":"2023-02-22T11:41:20+00:00","dateModified":"2023-05-03T11:09:34+00:00","description":"Qui\u00e9n no conoce el famoso carnaval de R\u00edo de Janeiro (carnaval do Rio o carnaval carioca), la ciudad del Pan de Az\u00facar, de Copacabana...","breadcrumb":{"@id":"https:\/\/www.heronaviation.com\/es\/carnaval-de-rio-pura-samba-2\/#breadcrumb"},"inLanguage":"es","potentialAction":[{"@type":"ReadAction","target":["https:\/\/www.heronaviation.com\/es\/carnaval-de-rio-pura-samba-2\/"]}]},{"@type":"ImageObject","inLanguage":"es","@id":"https:\/\/www.heronaviation.com\/es\/carnaval-de-rio-pura-samba-2\/#primaryimage","url":"https:\/\/www.heronaviation.com\/wp-content\/uploads\/2023\/02\/rio-de-janeiro-4965438_960_720.jpg","contentUrl":"https:\/\/www.heronaviation.com\/wp-content\/uploads\/2023\/02\/rio-de-janeiro-4965438_960_720.jpg","width":960,"height":653},{"@type":"BreadcrumbList","@id":"https:\/\/www.heronaviation.com\/es\/carnaval-de-rio-pura-samba-2\/#breadcrumb","itemListElement":[{"@type":"ListItem","position":1,"name":"P\u00e1gina Inicial","item":"https:\/\/www.heronaviation.com\/es\/"},{"@type":"ListItem","position":2,"name":"Carnaval de Rio &#8211; pura Samba"}]},{"@type":"WebSite","@id":"https:\/\/www.heronaviation.com\/es\/#website","url":"https:\/\/www.heronaviation.com\/es\/","name":"Heron Aviation","description":"Discretion, Safety, Trust","publisher":{"@id":"https:\/\/www.heronaviation.com\/es\/#organization"},"potentialAction":[{"@type":"SearchAction","target":{"@type":"EntryPoint","urlTemplate":"https:\/\/www.heronaviation.com\/es\/?s={search_term_string}"},"query-input":{"@type":"PropertyValueSpecification","valueRequired":true,"valueName":"search_term_string"}}],"inLanguage":"es"},{"@type":"Organization","@id":"https:\/\/www.heronaviation.com\/es\/#organization","name":"Heron Aviation GmbH","url":"https:\/\/www.heronaviation.com\/es\/","logo":{"@type":"ImageObject","inLanguage":"es","@id":"https:\/\/www.heronaviation.com\/es\/#\/schema\/logo\/image\/","url":"https:\/\/www.heronaviation.com\/wp-content\/uploads\/2021\/05\/cropped-Heron-Logo-Transparent-1.png","contentUrl":"https:\/\/www.heronaviation.com\/wp-content\/uploads\/2021\/05\/cropped-Heron-Logo-Transparent-1.png","width":934,"height":267,"caption":"Heron Aviation GmbH"},"image":{"@id":"https:\/\/www.heronaviation.com\/es\/#\/schema\/logo\/image\/"}},{"@type":"Person","@id":"https:\/\/www.heronaviation.com\/es\/#\/schema\/person\/30c693b9ca3a03f570cb9c65bdd3e8f0","name":"Iris B\u00e4umle","image":{"@type":"ImageObject","inLanguage":"es","@id":"https:\/\/secure.gravatar.com\/avatar\/e5eb9df4d16362205c6751ec9581f4b44c6820d2ec602cd8e99743b6bcd4d126?s=96&d=mm&r=g","url":"https:\/\/secure.gravatar.com\/avatar\/e5eb9df4d16362205c6751ec9581f4b44c6820d2ec602cd8e99743b6bcd4d126?s=96&d=mm&r=g","contentUrl":"https:\/\/secure.gravatar.com\/avatar\/e5eb9df4d16362205c6751ec9581f4b44c6820d2ec602cd8e99743b6bcd4d126?s=96&d=mm&r=g","caption":"Iris B\u00e4umle"}}]}},"_links":{"self":[{"href":"https:\/\/www.heronaviation.com\/es\/wp-json\/wp\/v2\/posts\/9775","targetHints":{"allow":["GET"]}}],"collection":[{"href":"https:\/\/www.heronaviation.com\/es\/wp-json\/wp\/v2\/posts"}],"about":[{"href":"https:\/\/www.heronaviation.com\/es\/wp-json\/wp\/v2\/types\/post"}],"author":[{"embeddable":true,"href":"https:\/\/www.heronaviation.com\/es\/wp-json\/wp\/v2\/users\/7"}],"replies":[{"embeddable":true,"href":"https:\/\/www.heronaviation.com\/es\/wp-json\/wp\/v2\/comments?post=9775"}],"version-history":[{"count":14,"href":"https:\/\/www.heronaviation.com\/es\/wp-json\/wp\/v2\/posts\/9775\/revisions"}],"predecessor-version":[{"id":10149,"href":"https:\/\/www.heronaviation.com\/es\/wp-json\/wp\/v2\/posts\/9775\/revisions\/10149"}],"wp:featuredmedia":[{"embeddable":true,"href":"https:\/\/www.heronaviation.com\/es\/wp-json\/wp\/v2\/media\/9716"}],"wp:attachment":[{"href":"https:\/\/www.heronaviation.com\/es\/wp-json\/wp\/v2\/media?parent=9775"}],"wp:term":[{"taxonomy":"category","embeddable":true,"href":"https:\/\/www.heronaviation.com\/es\/wp-json\/wp\/v2\/categories?post=9775"},{"taxonomy":"post_tag","embeddable":true,"href":"https:\/\/www.heronaviation.com\/es\/wp-json\/wp\/v2\/tags?post=9775"}],"curies":[{"name":"wp","href":"https:\/\/api.w.org\/{rel}","templated":true}]}}